{"id":22826,"date":"2025-03-01T03:22:45","date_gmt":"2025-03-01T03:22:45","guid":{"rendered":"https:\/\/hormigaradio.com\/?p=22826"},"modified":"2025-03-01T03:26:02","modified_gmt":"2025-03-01T03:26:02","slug":"anuncian-nuevas-medidas-y-detalles-para-el-cierre-del-carnaval-de-santiago","status":"publish","type":"post","link":"https:\/\/hormigaradio.com\/?p=22826","title":{"rendered":"ANUNCIAN NUEVAS MEDIDAS Y DETALLES PARA EL CIERRE DEL CARNAVAL DE SANTIAGO"},"content":{"rendered":"<p><img loading=\"lazy\" class=\"alignnone wp-image-15152\" src=\"http:\/\/hormigaradio.com\/wp-content\/uploads\/2022\/01\/FIRMA-para-Hormiga-Radio-300x158.jpeg\" alt=\"\" width=\"80\" height=\"42\" \/><\/p>\n<p>El director general del Carnaval de Santiago, Adalberto Rodr\u00edguez, anunci\u00f3 este viernes nuevas medidas y detalles para el cierre de la gran celebraci\u00f3n cultural, que se llevar\u00e1 a cabo este domingo 2 de marzo.<\/p>\n<p>Entre las disposiciones, se destaca el adelanto del inicio del desfile a las 2:30 p.m., con el objetivo de garantizar la participaci\u00f3n de todos los grupos de lechones y comparsas, y permitir el desarrollo de las actividades programadas. Adem\u00e1s, las actuaciones art\u00edsticas comenzar\u00e1n a partir de las 5:00 p.m., en simult\u00e1neo con el desfile.<\/p>\n<figure id=\"attachment_22829\" aria-describedby=\"caption-attachment-22829\" style=\"width: 300px\" class=\"wp-caption alignleft\"><img loading=\"lazy\" class=\"wp-image-22829 size-medium\" src=\"http:\/\/hormigaradio.com\/wp-content\/uploads\/2025\/03\/carnaval-seguridad-2-300x228.jpg\" alt=\"\" width=\"300\" height=\"228\" srcset=\"https:\/\/hormigaradio.com\/wp-content\/uploads\/2025\/03\/carnaval-seguridad-2-300x228.jpg 300w, https:\/\/hormigaradio.com\/wp-content\/uploads\/2025\/03\/carnaval-seguridad-2-1024x777.jpg 1024w, https:\/\/hormigaradio.com\/wp-content\/uploads\/2025\/03\/carnaval-seguridad-2-768x583.jpg 768w, https:\/\/hormigaradio.com\/wp-content\/uploads\/2025\/03\/carnaval-seguridad-2-1536x1165.jpg 1536w, https:\/\/hormigaradio.com\/wp-content\/uploads\/2025\/03\/carnaval-seguridad-2.jpg 1600w\" sizes=\"(max-width: 300px) 100vw, 300px\" \/><figcaption id=\"caption-attachment-22829\" class=\"wp-caption-text\"><em>Adalberto Rodr\u00edguez (centro), izquierda general Juan B. Jim\u00e9nez R., derecha Francisco Arias.<\/em><\/figcaption><\/figure>\n<p>Rodr\u00edguez tambi\u00e9n inform\u00f3 que se implementar\u00e1 un contingente adicional de seguridad, que realizar\u00e1 revisiones a todos los asistentes en el parque y en el \u00e1rea de presentaciones art\u00edsticas. Adem\u00e1s, detall\u00f3 que los asistentes al \u00e1rea de concierto en estado de embriaguez ser\u00e1n llevados al puesto de mando y control para su atenci\u00f3n. Esta medida busca reforzar la seguridad y asegurar el \u00e9xito rotundo de la festividad.<\/p>\n<p>El director del Comando Regional Cibao Central, general Juan Bautista Jim\u00e9nez Reynoso, garantiza la seguridad y el orden en el cierre del carnaval de Santiago, explica que unos 800 agentes estar\u00e1n diseminados, en diferentes puntos, har\u00e1n chequeo y advierte que los carnavales callejeros no est\u00e1n permitidos y controlar\u00e1n los ruidos .<\/p>\n<p>El cierre del Carnaval de Santiago contar\u00e1 con la distinguida presencia de la vicepresidenta de la Rep\u00fablica, Raquel Pe\u00f1a, en un acto que reafirma la importancia de esta manifestaci\u00f3n cultural para la identidad de Santiago y el pa\u00eds.<\/p>\n<p>Este a\u00f1o, el carnaval est\u00e1 dedicado a la destacada educadora, escritora y subdirectora del peri\u00f3dico La Informaci\u00f3n, Ingrid Gonz\u00e1lez, viuda del empresario Pr\u00edamo Rodr\u00edguez. Esta distinci\u00f3n, aprobada por unanimidad por el Concejo de Regidores del Ayuntamiento de Santiago, reconoce su invaluable trayectoria en los \u00e1mbitos acad\u00e9mico, cultural y period\u00edstico.<\/p>\n<p>Con estas medidas, la ciudad se prepara para un cierre memorable de la m\u00e1s vibrante expresi\u00f3n de identidad y tradici\u00f3n de Santiago.<\/p>\n<p>Impactos: 31<\/p>","protected":false},"excerpt":{"rendered":"<p>El director general del Carnaval de Santiago, Adalberto Rodr\u00edguez, anunci\u00f3 este viernes nuevas medidas y detalles para el cierre de la gran celebraci\u00f3n cultural,<\/p>\n","protected":false},"author":3,"featured_media":22827,"comment_status":"closed","ping_status":"closed","sticky":false,"template":"","format":"standard","meta":[],"categories":[4],"tags":[],"_links":{"self":[{"href":"https:\/\/hormigaradio.com\/index.php?rest_route=\/wp\/v2\/posts\/22826"}],"collection":[{"href":"https:\/\/hormigaradio.com\/index.php?rest_route=\/wp\/v2\/posts"}],"about":[{"href":"https:\/\/hormigaradio.com\/index.php?rest_route=\/wp\/v2\/types\/post"}],"author":[{"embeddable":true,"href":"https:\/\/hormigaradio.com\/index.php?rest_route=\/wp\/v2\/users\/3"}],"replies":[{"embeddable":true,"href":"https:\/\/hormigaradio.com\/index.php?rest_route=%2Fwp%2Fv2%2Fcomments&post=22826"}],"version-history":[{"count":4,"href":"https:\/\/hormigaradio.com\/index.php?rest_route=\/wp\/v2\/posts\/22826\/revisions"}],"predecessor-version":[{"id":22832,"href":"https:\/\/hormigaradio.com\/index.php?rest_route=\/wp\/v2\/posts\/22826\/revisions\/22832"}],"wp:featuredmedia":[{"embeddable":true,"href":"https:\/\/hormigaradio.com\/index.php?rest_route=\/wp\/v2\/media\/22827"}],"wp:attachment":[{"href":"https:\/\/hormigaradio.com\/index.php?rest_route=%2Fwp%2Fv2%2Fmedia&parent=22826"}],"wp:term":[{"taxonomy":"category","embeddable":true,"href":"https:\/\/hormigaradio.com\/index.php?rest_route=%2Fwp%2Fv2%2Fcategories&post=22826"},{"taxonomy":"post_tag","embeddable":true,"href":"https:\/\/hormigaradio.com\/index.php?rest_route=%2Fwp%2Fv2%2Ftags&post=22826"}],"curies":[{"name":"wp","href":"https:\/\/api.w.org\/{rel}","templated":true}]}}