{"id":22833,"date":"2025-03-02T02:52:03","date_gmt":"2025-03-02T02:52:03","guid":{"rendered":"https:\/\/hormigaradio.com\/?p=22833"},"modified":"2025-03-02T02:55:21","modified_gmt":"2025-03-02T02:55:21","slug":"abinader-concluye-estadia-en-uruguay-con-visita-a-pepe-mujica","status":"publish","type":"post","link":"https:\/\/hormigaradio.com\/?p=22833","title":{"rendered":"ABINADER CONCLUYE ESTAD\u00cdA EN URUGUAY CON VISITA A PEPE MUJICA"},"content":{"rendered":"<figure><a title=\"Servicios de Acento.com.do\" href=\"https:\/\/acento.com.do\/autor\/servicios.html\"><img class=\"i-amphtml-fill-content i-amphtml-replaced-content\" src=\"https:\/\/media.acento.com.do\/media\/storage02\/uploads\/2023\/06\/Coverimage-user-1-96x96.webp\" alt=\"Servicios de Acento.com.do\" \/><\/a><\/figure>\n<div class=\"extra-holder\">\n<p>Por\u00a0<span class=\"name font-600\"><a title=\"Servicios de Acento.com.do\" href=\"https:\/\/acento.com.do\/autor\/servicios.html\">Servicios de Acento.com.do<\/a><\/span><\/p>\n<div class=\"flex-container align-center\">El presidente Luis Abinader, aprovech\u00f3 su presencia en Uruguay para visitar al ex mandatario de este pa\u00eds, Jos\u00e9 &#8220;Pepe&#8221; Mujica, en su residencia particular ubicada en las afueras de la capital.<\/div>\n<\/div>\n<p><iframe loading=\"lazy\" title=\"Presidente Abinader concluye estad\u00eda en Uruguay con visita a Pepe Mujica\" src=\"https:\/\/geo.dailymotion.com\/player.html?video=x9ffmls&amp;\" width=\"500\" height=\"625\" frameborder=\"0\" allowfullscreen=\"allowfullscreen\" data-mce-fragment=\"1\"><\/iframe><\/p>\n<p>El mandatario dominicano lleg\u00f3 a la humilde morada de Pepe Mujica alrededor de las 5:00 de la tarde acompa\u00f1ado del embajador dominicano en Uruguay, Fidel Santana; el senador por la provincia Santo Domingo, Antonio Taveras y el ex ministro de Obras P\u00fablicas, Deligne Ascension.<\/p>\n<p>A su llegada, el presidente dominicano y su comitiva fueron recibidos por Mujica y su esposa Lucia, quienes lo acomodaron en la peque\u00f1a salita.<\/p>\n<section id=\"newsletter\">\n<header class=\"newsletter__header\"><\/header>\n<div class=\"newsletter-search\"><\/div>\n<\/section>\n<figure class=\"no-caption\"><img class=\"i-amphtml-fill-content i-amphtml-replaced-content\" title=\"WhatsApp-Image-2025-03-01-at-18.24.35-1-728x485\" src=\"https:\/\/media.acento.com.do\/media\/storage02\/uploads\/2025\/03\/WhatsApp-Image-2025-03-01-at-18.24.35-1-728x485.webp\" alt=\"WhatsApp-Image-2025-03-01-at-18.24.35-1-728x485\" \/><\/figure>\n<p>El ex presidente Mujica obsequi\u00f3, autografiado, uno de sus libros al mandatario dominicano, quien igualmente le hizo un valioso regalo a la pareja uruguaya.<\/p>\n<p><strong>Un encuentro de gran relevancia<\/strong><\/p>\n<div class=\"banner-box\">\n<div id=\"div-gpt-ad-1732723518537-6-1\" data-google-query-id=\"CJSqgoax6osDFQuFywEdRBoztA\">\n<div id=\"google_ads_iframe_\/5168668\/News_Middle_02_0__container__\"><iframe id=\"google_ads_iframe_\/5168668\/News_Middle_02_0\" tabindex=\"0\" title=\"3rd party ad content\" name=\"google_ads_iframe_\/5168668\/News_Middle_02_0\" width=\"300\" height=\"250\" frameborder=\"0\" marginwidth=\"0\" marginheight=\"0\" scrolling=\"no\" aria-label=\"Advertisement\" data-load-complete=\"true\" data-google-container-id=\"3\" data-mce-fragment=\"1\"><\/iframe><\/div>\n<\/div>\n<\/div>\n<p>Este encuentro fue especialmente importante para el presidente Abinader, quien ha expresado en varias ocasiones su admiraci\u00f3n por Mujica consider\u00e1ndolo un gran l\u00edder y una figura pol\u00edtica de impacto mundial.<\/p>\n<p>Abinader destac\u00f3 que la experiencia, principios y visi\u00f3n de Mujica son una inspiraci\u00f3n tanto para los l\u00edderes latinoamericanos como para el resto del mundo, debido a su enfoque pragm\u00e1tico y humano sobre temas cruciales como la justicia social, la paz y la equidad.<\/p>\n<p><strong>Un intercambio valioso<\/strong><\/p>\n<p>Durante la reuni\u00f3n, ambos l\u00edderes intercambiaron ideas sobre temas de actualidad internacional, en particular, la situaci\u00f3n pol\u00edtica, econ\u00f3mica y social de Am\u00e9rica Latina. Tambi\u00e9n hablaron de temas filos\u00f3ficos y sobre la realidad pol\u00edtica mundial.<\/p>\n<p>Abinader aprovech\u00f3 la oportunidad para dialogar con Mujica sobre su visi\u00f3n de la democracia, la pol\u00edtica y el futuro de la regi\u00f3n, valorando profundamente las ense\u00f1anzas y consejos de quien es considerado uno de los pol\u00edticos m\u00e1s carism\u00e1ticos y admirados de la regi\u00f3n.<\/p>\n<p>Jos\u00e9 &#8220;Pepe&#8221; Mujica fue presidente de la Rep\u00fablica Oriental del Uruguay entre 2010 y 2015. Reconocido por su estilo de vida austero, su visi\u00f3n sobre los derechos humanos y su compromiso con la democracia, Mujica ha sido una de las figuras pol\u00edticas m\u00e1s influyentes y respetadas en Am\u00e9rica Latina y en el mundo.<\/p>\n<p>Impactos: 26<\/p>","protected":false},"excerpt":{"rendered":"<p>Por\u00a0Servicios de Acento.com.do El presidente Luis Abinader, aprovech\u00f3 su presencia en Uruguay para visitar al ex mandatario de este pa\u00eds, Jos\u00e9 &#8220;Pepe&#8221; Mujica, en<\/p>\n","protected":false},"author":3,"featured_media":22835,"comment_status":"closed","ping_status":"closed","sticky":false,"template":"","format":"standard","meta":[],"categories":[6],"tags":[],"_links":{"self":[{"href":"https:\/\/hormigaradio.com\/index.php?rest_route=\/wp\/v2\/posts\/22833"}],"collection":[{"href":"https:\/\/hormigaradio.com\/index.php?rest_route=\/wp\/v2\/posts"}],"about":[{"href":"https:\/\/hormigaradio.com\/index.php?rest_route=\/wp\/v2\/types\/post"}],"author":[{"embeddable":true,"href":"https:\/\/hormigaradio.com\/index.php?rest_route=\/wp\/v2\/users\/3"}],"replies":[{"embeddable":true,"href":"https:\/\/hormigaradio.com\/index.php?rest_route=%2Fwp%2Fv2%2Fcomments&post=22833"}],"version-history":[{"count":2,"href":"https:\/\/hormigaradio.com\/index.php?rest_route=\/wp\/v2\/posts\/22833\/revisions"}],"predecessor-version":[{"id":22836,"href":"https:\/\/hormigaradio.com\/index.php?rest_route=\/wp\/v2\/posts\/22833\/revisions\/22836"}],"wp:featuredmedia":[{"embeddable":true,"href":"https:\/\/hormigaradio.com\/index.php?rest_route=\/wp\/v2\/media\/22835"}],"wp:attachment":[{"href":"https:\/\/hormigaradio.com\/index.php?rest_route=%2Fwp%2Fv2%2Fmedia&parent=22833"}],"wp:term":[{"taxonomy":"category","embeddable":true,"href":"https:\/\/hormigaradio.com\/index.php?rest_route=%2Fwp%2Fv2%2Fcategories&post=22833"},{"taxonomy":"post_tag","embeddable":true,"href":"https:\/\/hormigaradio.com\/index.php?rest_route=%2Fwp%2Fv2%2Ftags&post=22833"}],"curies":[{"name":"wp","href":"https:\/\/api.w.org\/{rel}","templated":true}]}}