{"id":22837,"date":"2025-03-03T03:08:20","date_gmt":"2025-03-03T03:08:20","guid":{"rendered":"https:\/\/hormigaradio.com\/?p=22837"},"modified":"2025-03-03T03:11:12","modified_gmt":"2025-03-03T03:11:12","slug":"zoe-saldana-se-alza-con-su-primer-oscar-a-mejor-actriz-de-reparto-por-emilia-perez","status":"publish","type":"post","link":"https:\/\/hormigaradio.com\/?p=22837","title":{"rendered":"ZOE SALDA\u00d1A SE ALZA CON SU PRIMER \u00d3SCAR A MEJOR ACTRIZ DE REPARTO POR &#8216;EMILIA P\u00c9REZ&#8217;"},"content":{"rendered":"<figure><a title=\"Servicios de Acento.com.do\" href=\"https:\/\/acento.com.do\/autor\/servicios.html\"><img class=\"i-amphtml-fill-content i-amphtml-replaced-content\" src=\"https:\/\/media.acento.com.do\/media\/storage02\/uploads\/2023\/06\/Coverimage-user-1-96x96.webp\" alt=\"Servicios de Acento.com.do\" \/><\/a><\/figure>\n<div class=\"extra-holder\">\n<p>Por\u00a0<span class=\"name font-600\"><a title=\"Servicios de Acento.com.do\" href=\"https:\/\/acento.com.do\/autor\/servicios.html\">Servicios de Acento.com.do<\/a><\/span><\/p>\n<div class=\"flex-container align-center\">La actriz de origen dominicano Zoe Salda\u00f1a se alz\u00f3 este domingo con su primer \u00d3scar, a mejor actriz de reparto, por su interpretaci\u00f3n como la abogada Rita Mora Castro en el narcomusical &#8216;Emilia P\u00e9rez&#8217;.<\/div>\n<\/div>\n<p>Venci\u00f3 en la categor\u00eda en esta edici\u00f3n de los Premios de la Academia a Ariana Grande (&#8220;Wicked&#8221;), Felicity Jones (&#8220;El Brutalista&#8221;), Isabella Rossellini (&#8220;C\u00f3nclave&#8221;) y Monica Barbaro (&#8220;Un completo desconocido&#8221;).<\/p>\n<figure class=\"wp-caption alignnone\"><img loading=\"lazy\" title=\"8138cb43f946460028e09bb692d3051102ba4d8fw-728x485\" src=\"https:\/\/media.acento.com.do\/media\/storage02\/uploads\/2025\/03\/8138cb43f946460028e09bb692d3051102ba4d8fw-728x485.webp\" alt=\"8138cb43f946460028e09bb692d3051102ba4d8fw-728x485\" width=\"728\" height=\"485\" \/><figcaption class=\"wp-caption-text\">Zoe Saldana en el 97th annual Academy Awards ceremony at the Dolby Theatre in the Hollywood neighborhood of Los Angeles, California, USA, 02 March 2025. EFE\/EPA\/CAROLINE BREHMAN<\/figcaption><\/figure>\n<h2 class=\"viewer-title\"><span class=\"ng-star-inserted\">Zoe Salda\u00f1a: de \u00e9xitos de ciencia ficci\u00f3n a la gloria del \u00d3scar<\/span><\/h2>\n<div class=\"narrow-container\">\n<p class=\"ng-star-inserted\">Zoe Salda\u00f1a estaba casi irreconocible como princesa Na\u2019vi en la franquicia &#8220;Avatar&#8221;, y llevaba maquillaje verde para interpretar a la asesina reformada Gamora en las pel\u00edculas de &#8220;Guardianes de la Galaxia&#8221;.<\/p>\n<div class=\"story-text ng-star-inserted\" data-id=\"story_page_story_content\">\n<div class=\"story-content ng-star-inserted\">\n<div class=\"content-inner-html copyTarget ng-star-inserted\">\n<article>Pero en el narco-musical psicod\u00e9lico &#8220;Emilia P\u00e9rez&#8221;, que le vali\u00f3 el \u00d3scar a la mejor actriz de reparto este domingo, la int\u00e9rprete de ascendencia dominicana y puertorrique\u00f1a habl\u00f3, cant\u00f3 e incluso rape\u00f3 en su espa\u00f1ol nativo, habitando plenamente su propia piel afrolatina.\u00a0<\/p>\n<section id=\"newsletter\">\n<header class=\"newsletter__header\">\n<h2><span style=\"font-size: 16px;\">&#8220;\u00a1Mami! \u00a1Mi mam\u00e1 est\u00e1 aqu\u00ed!&#8221;, grit\u00f3 llorando profusamente Salda\u00f1a, de 46 a\u00f1os.La actriz, que agradeci\u00f3 a su equipo y colegas nominadas, dedic\u00f3 especial reconocimiento a sus ra\u00edces dominicanas.<\/span><\/h2>\n<\/header>\n<\/section>\n<p>&#8220;Mi abuela vino a este pa\u00eds en 1961. Soy una hija orgullosa de padres inmigrantes, con sue\u00f1os y dignidad y manos trabajadoras&#8221;, agreg\u00f3 Salda\u00f1a.&#8221;Soy la primera estadounidense de origen dominicano en aceptar en un Premio de la Academia, y s\u00e9 que no ser\u00e9 la \u00faltima&#8221;.<\/p>\n<p>La actriz arras\u00f3 en la temporada de premios ganando el Globo de Oro, el Premio de la Cr\u00edtica Cinematogr\u00e1fica y el reconocimiento del Sindicato de Actores de Estados Unidos en su camino a los \u00d3scar.<\/p>\n<p>Salda\u00f1a se impuso a Ariana Grande (&#8220;Wicked&#8221;), Isabella Rossellini (&#8220;C\u00f3nclave&#8221;), Monica Barbaro (&#8220;Un completo desconocido&#8221;) y Felicity Jones (&#8220;El Brutalista&#8221;).<\/p>\n<\/article>\n<article>En &#8220;Emilia P\u00e9rez&#8221;, Salda\u00f1a interpreta a Rita, una abogada mexicana poco apreciada.Su vida cambia radicalmente cuando la contacta un capo de la droga que quiere fingir su propia muerte para poder someterse a una operaci\u00f3n de reafirmaci\u00f3n de g\u00e9nero y vivir como una mujer, &#8220;Emilia P\u00e9rez&#8221;.Esa mujer, la protagonista interpretada por Karla Sof\u00eda Gasc\u00f3n, deja atr\u00e1s a su esposa (Selena G\u00f3mez) y a sus dos hijos para abrazar su nueva identidad, pero que luego los trae de vuelta a su vida, con tr\u00e1gicas consecuencias.<\/p>\n<p>Rita se ve r\u00e1pidamente atrapada en medio del drama.<\/p>\n<div class=\"related-news\"><\/div>\n<p>Salda\u00f1a, formada en danza, disfruta de su gran momento en la pel\u00edcula cuando Rita rapea y baila &#8220;El Mal&#8221;, revelando los secretos de las \u00e9lites mexicanas en una cena ben\u00e9fica organizada por P\u00e9rez, que se convierte en activista en favor de las v\u00edctimas del narcotr\u00e1fico.<\/p>\n<p>A finales del a\u00f1o pasado, declar\u00f3 a la revista Elle que &#8220;nunca se le present\u00f3 la oportunidad&#8221; de actuar en espa\u00f1ol, hasta que el director franc\u00e9s Jacques Audiard reescribiera el papel (destinado a un hombre de ascendencia mexicana) para adaptarlo a Salda\u00f1a.<\/p>\n<p>&#8220;Ganar un premio por un rol en el que canto y hablo en espa\u00f1ol\u2026 Mi abuela, si estuviera aqu\u00ed estar\u00eda tan encantada&#8221;, dijo el domingo.<\/p>\n<h2>\u2013 &#8220;Ansiando esa reconexi\u00f3n&#8221; \u2013<\/h2>\n<p>Salda\u00f1a naci\u00f3 el 19 de junio de 1978 de padre dominicano y madre dominicano-puertorrique\u00f1a en Nueva Jersey.<\/p>\n<p>Criada de forma biling\u00fce en Nueva York, se traslad\u00f3 a la Rep\u00fablica Dominicana tras la muerte de su padre cuando ten\u00eda nueve a\u00f1os y all\u00ed empez\u00f3 a estudiar ballet.<\/p>\n<p>Salda\u00f1a regres\u00f3 a Nueva York para terminar la escuela y apareci\u00f3 en algunas producciones teatrales juveniles.<\/p>\n<p>Tras participar en un episodio de la serie de televisi\u00f3n &#8220;La ley y el orden&#8221;, consigui\u00f3 su primer papel en el cine en &#8220;Camino a la fama&#8221; (2000), interpretando a una estudiante de ballet.<\/p>\n<p>Unos a\u00f1os m\u00e1s tarde, tuvo un rol secundario en la exitosa &#8220;Piratas del Caribe: la maldici\u00f3n de la Perla Negra&#8221;, que la llev\u00f3 otras peque\u00f1as participaciones.<\/p>\n<p>Pero su gran oportunidad lleg\u00f3 en 2009, cuando protagoniz\u00f3 la pel\u00edcula \u00e9pica de ciencia ficci\u00f3n de James Cameron &#8220;Avatar&#8221;, la m\u00e1s taquillera de todos los tiempos.<\/p>\n<p>Ese mismo a\u00f1o, se incorpor\u00f3 a la franquicia &#8220;Star Trek&#8221; como la teniente Uhura.<\/p>\n<\/article>\n<\/div>\n<\/div>\n<\/div>\n<\/div>\n<p>Impactos: 39<\/p>","protected":false},"excerpt":{"rendered":"<p>Por\u00a0Servicios de Acento.com.do La actriz de origen dominicano Zoe Salda\u00f1a se alz\u00f3 este domingo con su primer \u00d3scar, a mejor actriz de reparto, por<\/p>\n","protected":false},"author":3,"featured_media":22839,"comment_status":"closed","ping_status":"closed","sticky":false,"template":"","format":"standard","meta":[],"categories":[4],"tags":[],"_links":{"self":[{"href":"https:\/\/hormigaradio.com\/index.php?rest_route=\/wp\/v2\/posts\/22837"}],"collection":[{"href":"https:\/\/hormigaradio.com\/index.php?rest_route=\/wp\/v2\/posts"}],"about":[{"href":"https:\/\/hormigaradio.com\/index.php?rest_route=\/wp\/v2\/types\/post"}],"author":[{"embeddable":true,"href":"https:\/\/hormigaradio.com\/index.php?rest_route=\/wp\/v2\/users\/3"}],"replies":[{"embeddable":true,"href":"https:\/\/hormigaradio.com\/index.php?rest_route=%2Fwp%2Fv2%2Fcomments&post=22837"}],"version-history":[{"count":4,"href":"https:\/\/hormigaradio.com\/index.php?rest_route=\/wp\/v2\/posts\/22837\/revisions"}],"predecessor-version":[{"id":22842,"href":"https:\/\/hormigaradio.com\/index.php?rest_route=\/wp\/v2\/posts\/22837\/revisions\/22842"}],"wp:featuredmedia":[{"embeddable":true,"href":"https:\/\/hormigaradio.com\/index.php?rest_route=\/wp\/v2\/media\/22839"}],"wp:attachment":[{"href":"https:\/\/hormigaradio.com\/index.php?rest_route=%2Fwp%2Fv2%2Fmedia&parent=22837"}],"wp:term":[{"taxonomy":"category","embeddable":true,"href":"https:\/\/hormigaradio.com\/index.php?rest_route=%2Fwp%2Fv2%2Fcategories&post=22837"},{"taxonomy":"post_tag","embeddable":true,"href":"https:\/\/hormigaradio.com\/index.php?rest_route=%2Fwp%2Fv2%2Ftags&post=22837"}],"curies":[{"name":"wp","href":"https:\/\/api.w.org\/{rel}","templated":true}]}}