{"id":22862,"date":"2025-03-03T16:21:32","date_gmt":"2025-03-03T16:21:32","guid":{"rendered":"https:\/\/hormigaradio.com\/?p=22862"},"modified":"2025-03-03T16:42:13","modified_gmt":"2025-03-03T16:42:13","slug":"policia-investiga-muerte-hombre-y-heridas-de-otras-seis-personas","status":"publish","type":"post","link":"https:\/\/hormigaradio.com\/?p=22862","title":{"rendered":"POLIC\u00cdA INVESTIGA MUERTE HOMBRE Y HERIDAS DE OTRAS SEIS PERSONAS"},"content":{"rendered":"<p><img loading=\"lazy\" class=\"alignnone wp-image-15152\" src=\"http:\/\/hormigaradio.com\/wp-content\/uploads\/2022\/01\/FIRMA-para-Hormiga-Radio-300x158.jpeg\" alt=\"\" width=\"80\" height=\"42\" \/><\/p>\n<p>La Polic\u00eda Nacional informa que miembros de la Divisi\u00f3n de Investigaciones de Cr\u00edmenes y Delitos (DICRIM), en colaboraci\u00f3n con miembros preventivos y coordinaci\u00f3n con el Ministerio P\u00fablico, han intensificado las labores de investigaci\u00f3n, donde en medio de un conflicto social una persona result\u00f3 muerta y otras 6 resultaron heridas, hecho ocurrido ayer en el sector Pek\u00edn de esta ciudad.<\/p>\n<div style=\"width: 715px;\" class=\"wp-video\"><!--[if lt IE 9]><script>document.createElement('video');<\/script><![endif]-->\n<video class=\"wp-video-shortcode\" id=\"video-22862-1\" width=\"715\" height=\"405\" preload=\"metadata\" controls=\"controls\"><source type=\"video\/mp4\" src=\"http:\/\/hormigaradio.com\/wp-content\/uploads\/2025\/03\/WhatsApp-Video-2025-03-03-at-11.04.11-AM.mp4?_=1\" \/><a href=\"http:\/\/hormigaradio.com\/wp-content\/uploads\/2025\/03\/WhatsApp-Video-2025-03-03-at-11.04.11-AM.mp4\">http:\/\/hormigaradio.com\/wp-content\/uploads\/2025\/03\/WhatsApp-Video-2025-03-03-at-11.04.11-AM.mp4<\/a><\/video><\/div>\n<p><em>Fiordaliza P0pa Arias, vocera de la PN, en Santiago.<\/em><\/p>\n<p>&nbsp;<\/p>\n<p>Impactos: 27<\/p>","protected":false},"excerpt":{"rendered":"<p>La Polic\u00eda Nacional informa que miembros de la Divisi\u00f3n de Investigaciones de Cr\u00edmenes y Delitos (DICRIM), en colaboraci\u00f3n con miembros preventivos y coordinaci\u00f3n con<\/p>\n","protected":false},"author":3,"featured_media":13417,"comment_status":"closed","ping_status":"closed","sticky":false,"template":"","format":"standard","meta":[],"categories":[3],"tags":[],"_links":{"self":[{"href":"https:\/\/hormigaradio.com\/index.php?rest_route=\/wp\/v2\/posts\/22862"}],"collection":[{"href":"https:\/\/hormigaradio.com\/index.php?rest_route=\/wp\/v2\/posts"}],"about":[{"href":"https:\/\/hormigaradio.com\/index.php?rest_route=\/wp\/v2\/types\/post"}],"author":[{"embeddable":true,"href":"https:\/\/hormigaradio.com\/index.php?rest_route=\/wp\/v2\/users\/3"}],"replies":[{"embeddable":true,"href":"https:\/\/hormigaradio.com\/index.php?rest_route=%2Fwp%2Fv2%2Fcomments&post=22862"}],"version-history":[{"count":1,"href":"https:\/\/hormigaradio.com\/index.php?rest_route=\/wp\/v2\/posts\/22862\/revisions"}],"predecessor-version":[{"id":22864,"href":"https:\/\/hormigaradio.com\/index.php?rest_route=\/wp\/v2\/posts\/22862\/revisions\/22864"}],"wp:featuredmedia":[{"embeddable":true,"href":"https:\/\/hormigaradio.com\/index.php?rest_route=\/wp\/v2\/media\/13417"}],"wp:attachment":[{"href":"https:\/\/hormigaradio.com\/index.php?rest_route=%2Fwp%2Fv2%2Fmedia&parent=22862"}],"wp:term":[{"taxonomy":"category","embeddable":true,"href":"https:\/\/hormigaradio.com\/index.php?rest_route=%2Fwp%2Fv2%2Fcategories&post=22862"},{"taxonomy":"post_tag","embeddable":true,"href":"https:\/\/hormigaradio.com\/index.php?rest_route=%2Fwp%2Fv2%2Ftags&post=22862"}],"curies":[{"name":"wp","href":"https:\/\/api.w.org\/{rel}","templated":true}]}}