{"id":22869,"date":"2025-03-04T02:25:55","date_gmt":"2025-03-04T02:25:55","guid":{"rendered":"https:\/\/hormigaradio.com\/?p=22869"},"modified":"2025-03-04T02:31:39","modified_gmt":"2025-03-04T02:31:39","slug":"presidente-abinader-comparte-el-plan-seguido-para-continuar-aumentando-la-calidad-de-vida-de-los-dominicanos","status":"publish","type":"post","link":"https:\/\/hormigaradio.com\/?p=22869","title":{"rendered":"PRESIDENTE ABINADER COMPARTE EL PLAN SEGUIDO PARA CONTINUAR AUMENTANDO LA CALIDAD DE VIDA DE LOS DOMINICANOS"},"content":{"rendered":"<p><img loading=\"lazy\" class=\"alignnone wp-image-15152\" src=\"http:\/\/hormigaradio.com\/wp-content\/uploads\/2022\/01\/FIRMA-para-Hormiga-Radio-300x158.jpeg\" alt=\"\" width=\"80\" height=\"42\" \/><\/p>\n<p>El presidente Luis Abinader reafirm\u00f3 este lunes su compromiso con el desarrollo del pa\u00eds, al presentar los objetivos del Gobierno de cara al 2028, que busca expandir la clase media del 37% al 50%, reducir el d\u00e9ficit habitacional al 21.9% y disminuir las muertes por enfermedades cr\u00f3nicas no transmisibles a 25,000 por a\u00f1o.<\/p>\n<p>De igual forma, el jefe de Estado explic\u00f3 que se busca para el 2028, que el Gobierno sea el m\u00e1s moderno y digitalizado de Am\u00e9rica Latina y el Caribe.<\/p>\n<p>Estas declaraciones las ofreci\u00f3 el mandatario durante el encuentro LA Semanal con la Prensa, realizado en el Sal\u00f3n Las Cari\u00e1tides del Palacio Nacional, all\u00ed se present\u00f3 el &#8220;Plan para su Gente&#8221; que busca continuar mejorando la calidad de vida de la gente.<\/p>\n<p>\u201cEsta mejora de acuerdo con el mandatario, es un compromiso colectivo, cuyo fundamento es la solidaridad, la creaci\u00f3n de oportunidades y la igualdad ante la ley. Asimismo, crear un estado de derecho, cohesi\u00f3n social y la confianza rec\u00edproca entre la ciudadan\u00eda y el Estado\u201d, precis\u00f3 el presidente Abinader.<\/p>\n<p><em>Objetivo Central.<\/em><\/p>\n<p>En el 2019, el \u00edndice de desarrollo sostenible fue de 68.9, mientras que para el 2024 fue de 73.1. El objetivo para el 2028 es que sea de un 80%.<\/p>\n<p>En tanto, el estrato de ingresos de clase media que el a\u00f1o pasado fue de 46.5%, se quiere que para el 2028 sea de 50%.<\/p>\n<p>El mandatario explic\u00f3 que estamos en el \u00edndice de desarrollo sostenible en un sexto lugar, tras Chile, Uruguay, Cuba, Argentina y Costa Rica, pero que la meta es llegar al tercer lugar.<\/p>\n<p><em>Ejes.<\/em><\/p>\n<p>Estos ejes del &#8220;Plan para su Gente&#8221;, se basa en salud y larga vida, seguridad y libertad, vivienda y servicios, m\u00e1s clase media y menos pobreza, mayor crecimiento econ\u00f3mico, mayor empleo de calidad e inclusivo, m\u00e1s calidad en la educaci\u00f3n y alineada a los sectores productivos.<\/p>\n<p>De igual forma, se quiere que el campo no sea sin\u00f3nimo de pobreza y atraso: pobreza rural, resilientes ante los choques clim\u00e1ticos: una respuesta articulada y ante incertidumbre econ\u00f3mica: un gobierno m\u00e1s efectivo.<\/p>\n<p><em>Expansi\u00f3n de la clase media.<\/em><\/p>\n<p>El presidente Luis Abinader manifest\u00f3 que uno de los objetivos de su gobierno es expandir la clase media. Como parte de este esfuerzo, se han implementado diversas estrategias que han permitido reducir la tasa de pobreza del 25.8% en 2019 al 19.0% en 2024, con la meta de alcanzar el 15% en 2028.<\/p>\n<p>Adem\u00e1s, la clase media ha mostrado un crecimiento significativo, pasando del 37.7% en 2019 al 45.9% en 2024, con la meta de alcanzar el 50% en 2028. De igual forma, la pobreza extrema ha disminuido del 4.9% en 2020 al 2.4% en 2024, con la proyecci\u00f3n de reducirla al 1% en 2028. Asimismo, la prevalencia de subalimentaci\u00f3n ha bajado del 8.3% en 2020 al 4.6% en 2023, con la proyecci\u00f3n de alcanzar un 2.5% en 2028.<\/p>\n<p>El jefe de Estado comunic\u00f3 que, para continuar con la expansi\u00f3n de la clase media, se han desarrollado e implementado programas clave como el Plan de Transformaci\u00f3n San Juan y El\u00edas Pi\u00f1a, el incremento de aumentos salariales sectorizados y no sectorizados, el impulso de programas de compras para el desarrollo, as\u00ed como el Plan Nacional de Viviendas Familia Feliz.<\/p>\n<p>D<em>uplicar la econom\u00eda para 2036.<\/em><\/p>\n<p>En t\u00e9rminos de crecimiento econ\u00f3mico, el mandatario expres\u00f3 que su gobierno trabaja para duplicar la econom\u00eda de cara a 2036, con el objetivo de incrementar el PIB per c\u00e1pita de US$11,300 millones a US$15,000 millones para 2028.<\/p>\n<p>Asimismo, se proyecta un aumento en inversi\u00f3n extranjera, de US$4,500 millones en 2024 a un promedio de US$5,000 millones, exportaciones, de US$13,900 millones en 2024 a US$17,000 millones en 2028, llegadas de visitantes, de 11.2 millones en 2024 con la meta de alcanzar 14 millones de turistas en 2028.<\/p>\n<p>Este esfuerzo se apoya en estrategias como el Plan Meta RD 2036, el desarrollo de polos tur\u00edsticos y productivos Pro Pedernales, Punta Bergant\u00edn y Miches, el plan de semiconductores, la expansi\u00f3n de las exportaciones y el desarrollo de Manzanillo.<\/p>\n<p><em>Formalidad en el empleo.<\/em><\/p>\n<p>El impulso de la formalidad en el empleo tambi\u00e9n es una prioridad, con la meta de alcanzar un 50% de formalidad laboral en 2028, reducir el porcentaje de j\u00f3venes \u201cNINI\u201d a menos del 13%, llegar a 350 mil Mipymes en 2028 y aumentar la participaci\u00f3n femenina en el empleo al 52% en ese mismo a\u00f1o.<\/p>\n<p>Para lograr estos objetivos, se han implementado programas como RD Trabaja, Oportunidad 14-24, becas para el desarrollo, formaci\u00f3n dual, pol\u00edtica de cuidado y el programa de ingl\u00e9s como segunda lengua.<\/p>\n<p><em>Reducci\u00f3n de la pobreza rural.<\/em><\/p>\n<p>El mandatario expres\u00f3 que la reducci\u00f3n de la pobreza rural es fundamental para alcanzar los objetivos de desarrollo. Destac\u00f3 los siguientes avances, ingreso laboral por hora de 85.7 en 2021 a 127.3 en 2023, con una proyecci\u00f3n de 140.03 para 2028.<\/p>\n<p>En Hogares rurales con energ\u00eda de red p\u00fablica del 94.03% en 2020 al 96.10% en 2024, con la meta de universalizarlo para 2028.<\/p>\n<p>Hogares rurales con agua dentro de la vivienda: del 44.91% en 2020 al 58.2% en 2024, con el objetivo de alcanzar el 63% en 2028.<\/p>\n<p>Pobreza multidimensional rural: del 28.2% en 2019 al 16.7% en 2024, con una proyecci\u00f3n de 13% en 2028.<\/p>\n<p>Para lograrlo, se han impulsado programas como el Plan de Transformaci\u00f3n Econ\u00f3mica San Juan, electrificaci\u00f3n rural, cambio de pisos de tierra por pisos de cemento, el Pacto del Agua y compras a peque\u00f1os productores.<\/p>\n<p><em>Una poblaci\u00f3n saludable<\/em><br \/>\n<em>Mortalidad infantil.<\/em><\/p>\n<p>Para el 2028 se quiere una poblaci\u00f3n saludable al aumentar el promedio de vida de las personas de 75 a\u00f1os a 77 a\u00f1os. Todo esto al reducir la mortalidad infantil a menos de 15 por cada 100 mil nacidos.<\/p>\n<p><em>Programas para lograrlo.<\/em><\/p>\n<p><img loading=\"lazy\" class=\"aligncenter wp-image-22872 size-large\" src=\"http:\/\/hormigaradio.com\/wp-content\/uploads\/2025\/03\/la-semanal-marzo-2-1024x683.jpg\" alt=\"\" width=\"715\" height=\"477\" srcset=\"https:\/\/hormigaradio.com\/wp-content\/uploads\/2025\/03\/la-semanal-marzo-2-1024x683.jpg 1024w, https:\/\/hormigaradio.com\/wp-content\/uploads\/2025\/03\/la-semanal-marzo-2-300x200.jpg 300w, https:\/\/hormigaradio.com\/wp-content\/uploads\/2025\/03\/la-semanal-marzo-2-768x512.jpg 768w, https:\/\/hormigaradio.com\/wp-content\/uploads\/2025\/03\/la-semanal-marzo-2-1536x1024.jpg 1536w, https:\/\/hormigaradio.com\/wp-content\/uploads\/2025\/03\/la-semanal-marzo-2-2048x1365.jpg 2048w\" sizes=\"(max-width: 715px) 100vw, 715px\" \/><\/p>\n<p>Todo esto se conseguir\u00e1 con programas de reducci\u00f3n de mortalidad materno infantil en las maternidades La Altagracia y Los Mina y con el nuevo hospital pedi\u00e1trico Doctor Jos\u00e9 Manuel Rodr\u00edguez Jim\u00e9nez (antiguo Santo Socorro).<\/p>\n<p>Tambi\u00e9n, Hospital Materno Infantil Doctor Julio Manuel Rodr\u00edguez Grull\u00f3n de la Ciudad Sanitaria y la apertura de la Primera Unidad de Cuidados Intensivos Pedi\u00e1tricos (UCIP) en el Hospital Regional San Vicente de Paul.<\/p>\n<p><em>Mortalidad por accidentes de tr\u00e1nsito.<\/em><\/p>\n<p>La mortalidad por accidentes de tr\u00e1nsito de 31 por 100 mil habitantes en 2019 al 27 en 2024. Se quiere que en el 2028 reducir a 20 por cada 100 mil.<\/p>\n<p>Programa para lograrlo<\/p>\n<p>*Pacto por la seguridad vial<br \/>\n*Plan Estrat\u00e9gico Nacional de Seguridad Vial 2025-2028.<br \/>\n*Programa Nacional de Casco Protector para Motociclistas<br \/>\n*Formaci\u00f3n masiva de conductores del transporte p\u00fablico<br \/>\n*Formaci\u00f3n de 300 mil estudiantes de secundaria en educaci\u00f3n en seguridad vial<br \/>\n*Implementaci\u00f3n de licencia por puntos<br \/>\n*Red Nacional de Patrullaje de Carreteras y v\u00edas urbanas<br \/>\n*Implementaci\u00f3n de inspecci\u00f3n t\u00e9cnica vehicular<\/p>\n<p><em>Muertes por causas cr\u00f3nicas no transmisibles.<\/em><\/p>\n<p>Muertes por causas cr\u00f3nicas no transmisibles 30 mil muertes por a\u00f1o en la gesti\u00f3n y se busca que para el 2028 reducir a 25 mil por a\u00f1o.<\/p>\n<p>Todo esto con los programas Hearts, Salud Escolar, Alimentaci\u00f3n Escolar Saludable y el de Salud Laboral.<\/p>\n<p><em>Seguridad P\u00fablica.<\/em><\/p>\n<p>Se busca que para el 2028 haya una seguridad p\u00fablica m\u00e1s libre y segura, disminuyendo los feminicidios a 1.0%, la disminuci\u00f3n de actos delictivos en menos de 500 en 2028, los homicidios en menos de 8 por cada 100 mil habitantes y la disminuci\u00f3n de los NINI al 13% en 2028.<\/p>\n<p><em>Salud P\u00fablica.<\/em><\/p>\n<p>En cuanto a Salud P\u00fablica, esto se lograr\u00e1 con la reforma policial, los programas de becas nacionales e internacionales, financiamiento de la oferta p\u00fablica universitaria, la formaci\u00f3n dual, los programas Escuelas Abiertas y Activas y el programa Oportunidad 14-24.<\/p>\n<p>Acceso a vivienda y entornos dignos<\/p>\n<p>En este sentido, para el 2028 se busca disminuir el d\u00e9ficit habitacional al 25%, incrementar los hogares con 24 horas de energ\u00eda a 89% erradicar los hogares conectados de la red de energ\u00eda.<\/p>\n<p>Para lograr todo esto, se utilizar\u00e1n los programas Dominicana se Reconstruye, Pacto del Agua, electrificaci\u00f3n rural, programa Mi Vivienda y el de Familia Feliz.<\/p>\n<p><em>La amenaza del cambio clim\u00e1tico.<\/em><\/p>\n<p>El jefe de Estado destac\u00f3 la importancia de enfrentar el cambio clim\u00e1tico y mencion\u00f3 los siguientes logros y proyecciones, 15,000 km\u00b2 de cuencas por restaurar, 62% de hogares con baja vulnerabilidad clim\u00e1tica en 2024, 12,188.9 km\u00b2 de cobertura terrestre absoluta en \u00e1reas protegidas en 2024, con una meta de 13,700 km\u00b2 (28.5%) para 2028.<\/p>\n<p>4,500 km\u00b2 reforestados, equivalente al 30% en seis cuencas, 75% de hogares con baja vulnerabilidad clim\u00e1tica en 2028.<\/p>\n<p>Entre los programas clave para enfrentar esta amenaza se encuentran: RD 30\/30, estrategia de tecnificaci\u00f3n de riego, plan de ordenamiento territorial, protecci\u00f3n social adaptativa, seguros param\u00e9tricos y Dominicana se Reconstruye.<\/p>\n<p><em>Institucionalidad en el sector p\u00fablico.<\/em><\/p>\n<p>El presidente comunic\u00f3 los avances en materia de gobernanza, 33 posiciones en el indicador de efectividad de gobierno, 32 posiciones en el \u00edndice de transparencia internacional, 24 posiciones en control de corrupci\u00f3n y 40 posiciones en cumplimiento regulatorio.<\/p>\n<p>A pesar de estos avances, se proyecta que para 2028 el pa\u00eds tenga el gobierno m\u00e1s moderno y digitalizado de Am\u00e9rica Latina y el Caribe, con el 20% de aumento en el \u00edndice de efectividad de gobierno, posici\u00f3n 50 en el \u00edndice de percepci\u00f3n de la corrupci\u00f3n y promedio general de 80 en la evaluaci\u00f3n de desempe\u00f1o institucional.<\/p>\n<p>Filosof\u00eda de Gobierno, transparencia y rendici\u00f3n de cuentas<\/p>\n<p>El gobernante enfatiz\u00f3 que la transparencia y la rendici\u00f3n de cuentas son pilares clave de su gesti\u00f3n. Para ello, se han implementado, nueva evaluaci\u00f3n del desempe\u00f1o institucional, consejos de ministros trimestrales de seguimiento, gabinetes sectoriales de seguimiento y mayor articulaci\u00f3n y apoyo internacional para el cumplimiento.<\/p>\n<p><em>Mayor cobertura y calidad de los aprendizajes.<\/em><\/p>\n<p>El presidente resalt\u00f3 los objetivos en materia de educaci\u00f3n con metas claras para 2028, lograr que el 70% de los estudiantes de tercer grado tengan alfabetizaci\u00f3n oportuna, duplicar la cobertura en educaci\u00f3n inicial, alcanzar un mill\u00f3n de estudiantes en secundaria, aumentar al 80% la tasa de empleabilidad de j\u00f3venes universitarios.<\/p>\n<p>Abinader destac\u00f3 que la tasa de escolaridad en ni\u00f1os de 0 a 2 a\u00f1os pas\u00f3 del 5.7% en 2019 al 7.1% en 2024. En la cobertura de educaci\u00f3n t\u00e9cnica, aument\u00f3 del 10.2% en 2018 al 14.1% en 2023, y la empleabilidad formal de j\u00f3venes universitarios, que cay\u00f3 al 69% durante la pandemia, se ha recuperado al 73.4% en 2023.<\/p>\n<p>Los programas clave para lograr estos avances incluyen, la expansi\u00f3n de Infotep, plan de alfabetizaci\u00f3n temprana, expansi\u00f3n de la secundaria t\u00e9cnica, formaci\u00f3n t\u00e9cnico-profesional, programa de becas para el desarrollo y sistema de medici\u00f3n de calidad del aprendizaje universitario.<\/p>\n<p><em>Necesitamos que.<\/em><\/p>\n<p>En salud necesitamos que, la sociedad asuma cambios de alimentaci\u00f3n; en seguridad, que conf\u00ede en la polic\u00eda reformada y luchemos juntos y en educaci\u00f3n se necesita que los padres ayuden con el regreso de sus hijos a clases y la veedur\u00eda en sus aprendizajes.<\/p>\n<p>Se necesita en el sector privado, que se apoye el primer nivel de atenci\u00f3n para lograr la meta de salud, que se participe de la soluci\u00f3n de d\u00e9ficit habitacional y que se asuma, junto al Estado, las metas de duplicar la econom\u00eda y el empleo formal.<\/p>\n<p>Asimismo, en cuanto al cambio clim\u00e1tico, se requiere que los productores agropecuarios modifiquen sus costumbres de uso de agua y las familias no construyen en lugares vulnerables y que la sociedad civil sea veedora clave para que el gobierno cumpla la meta de ser m\u00e1s efectivo.<\/p>\n<p>Impactos: 34<\/p>","protected":false},"excerpt":{"rendered":"<p>El presidente Luis Abinader reafirm\u00f3 este lunes su compromiso con el desarrollo del pa\u00eds, al presentar los objetivos del Gobierno de cara al 2028,<\/p>\n","protected":false},"author":3,"featured_media":22871,"comment_status":"closed","ping_status":"closed","sticky":false,"template":"","format":"standard","meta":[],"categories":[3],"tags":[],"_links":{"self":[{"href":"https:\/\/hormigaradio.com\/index.php?rest_route=\/wp\/v2\/posts\/22869"}],"collection":[{"href":"https:\/\/hormigaradio.com\/index.php?rest_route=\/wp\/v2\/posts"}],"about":[{"href":"https:\/\/hormigaradio.com\/index.php?rest_route=\/wp\/v2\/types\/post"}],"author":[{"embeddable":true,"href":"https:\/\/hormigaradio.com\/index.php?rest_route=\/wp\/v2\/users\/3"}],"replies":[{"embeddable":true,"href":"https:\/\/hormigaradio.com\/index.php?rest_route=%2Fwp%2Fv2%2Fcomments&post=22869"}],"version-history":[{"count":4,"href":"https:\/\/hormigaradio.com\/index.php?rest_route=\/wp\/v2\/posts\/22869\/revisions"}],"predecessor-version":[{"id":22875,"href":"https:\/\/hormigaradio.com\/index.php?rest_route=\/wp\/v2\/posts\/22869\/revisions\/22875"}],"wp:featuredmedia":[{"embeddable":true,"href":"https:\/\/hormigaradio.com\/index.php?rest_route=\/wp\/v2\/media\/22871"}],"wp:attachment":[{"href":"https:\/\/hormigaradio.com\/index.php?rest_route=%2Fwp%2Fv2%2Fmedia&parent=22869"}],"wp:term":[{"taxonomy":"category","embeddable":true,"href":"https:\/\/hormigaradio.com\/index.php?rest_route=%2Fwp%2Fv2%2Fcategories&post=22869"},{"taxonomy":"post_tag","embeddable":true,"href":"https:\/\/hormigaradio.com\/index.php?rest_route=%2Fwp%2Fv2%2Ftags&post=22869"}],"curies":[{"name":"wp","href":"https:\/\/api.w.org\/{rel}","templated":true}]}}