{"id":22876,"date":"2025-03-06T02:50:35","date_gmt":"2025-03-06T02:50:35","guid":{"rendered":"https:\/\/hormigaradio.com\/?p=22876"},"modified":"2025-03-06T02:50:35","modified_gmt":"2025-03-06T02:50:35","slug":"padre-e-hija-mueren-en-accidente-de-transito-en-puerto-plata","status":"publish","type":"post","link":"https:\/\/hormigaradio.com\/?p=22876","title":{"rendered":"PADRE E HIJA MUEREN EN ACCIDENTE DE TR\u00c1NSITO EN PUERTO PLATA"},"content":{"rendered":"<figure><a title=\"M\u00e1ximo Laureano\" href=\"https:\/\/acento.com.do\/autor\/mlaureano.html\"><img class=\"i-amphtml-fill-content i-amphtml-replaced-content\" src=\"https:\/\/acento.com.do\/resources\/img\/logo-user-no-foto.jpg\" alt=\"M\u00e1ximo Laureano\" \/><\/a><\/figure>\n<div class=\"extra-holder\">\n<p>Por\u00a0<span class=\"name font-600\"><a title=\"M\u00e1ximo Laureano\" href=\"https:\/\/acento.com.do\/autor\/mlaureano.html\">M\u00e1ximo Laureano<\/a><\/span><\/p>\n<div class=\"flex-container align-center\">Autoridades de <strong>Puerto Plata<\/strong>\u00a0confirmaron la muerte de un profesor de la educaci\u00f3n p\u00fablica, y su hija de 13 a\u00f1os de edad, en un\u00a0<a href=\"https:\/\/acento.com.do\/actualidad\/accidente-de-transito-en-puerto-plata-deja-un-fallecido-y-siete-afectados-9465136.html\">accidente de tr\u00e1nsito la ma\u00f1ana de mi\u00e9rcoles<\/a>, en la intersecci\u00f3n de la avenida Manolo Tav\u00e1rez Justo con la calle Pedro Clisante, de esta ciudad.<\/div>\n<\/div>\n<p>Las v\u00edctimas son el profesor\u00a0<strong>Melvin Ram\u00f3n Pichardo Dom\u00ednguez<\/strong>\u00a0y su hija\u00a0<strong>Emely Nicol Pichardo<\/strong>, quienes murieron tras quedar atrapados en la carrocer\u00eda del veh\u00edculo (todoterreno) donde viajaban.<\/p>\n<p>Adicional a los dos fallecidos, las autoridades tambi\u00e9n reportaron que al menos ocho personas resultaron heridas en el accidente, los cuales fueron asistidos por brigadas de emergencia de la zona.<\/p>\n<p>El accidente de tr\u00e1nsito se produjo debido al presunto fallo en el sistema de frenos de un autob\u00fas, el cual impact\u00f3 el veh\u00edculo que conduc\u00eda el profesor en compa\u00f1\u00eda de su hija.<\/p>\n<p>Impactos: 32<\/p>","protected":false},"excerpt":{"rendered":"<p>Por\u00a0M\u00e1ximo Laureano Autoridades de Puerto Plata\u00a0confirmaron la muerte de un profesor de la educaci\u00f3n p\u00fablica, y su hija de 13 a\u00f1os de edad, en<\/p>\n","protected":false},"author":3,"featured_media":18226,"comment_status":"closed","ping_status":"closed","sticky":false,"template":"","format":"standard","meta":[],"categories":[3],"tags":[],"_links":{"self":[{"href":"https:\/\/hormigaradio.com\/index.php?rest_route=\/wp\/v2\/posts\/22876"}],"collection":[{"href":"https:\/\/hormigaradio.com\/index.php?rest_route=\/wp\/v2\/posts"}],"about":[{"href":"https:\/\/hormigaradio.com\/index.php?rest_route=\/wp\/v2\/types\/post"}],"author":[{"embeddable":true,"href":"https:\/\/hormigaradio.com\/index.php?rest_route=\/wp\/v2\/users\/3"}],"replies":[{"embeddable":true,"href":"https:\/\/hormigaradio.com\/index.php?rest_route=%2Fwp%2Fv2%2Fcomments&post=22876"}],"version-history":[{"count":1,"href":"https:\/\/hormigaradio.com\/index.php?rest_route=\/wp\/v2\/posts\/22876\/revisions"}],"predecessor-version":[{"id":22877,"href":"https:\/\/hormigaradio.com\/index.php?rest_route=\/wp\/v2\/posts\/22876\/revisions\/22877"}],"wp:featuredmedia":[{"embeddable":true,"href":"https:\/\/hormigaradio.com\/index.php?rest_route=\/wp\/v2\/media\/18226"}],"wp:attachment":[{"href":"https:\/\/hormigaradio.com\/index.php?rest_route=%2Fwp%2Fv2%2Fmedia&parent=22876"}],"wp:term":[{"taxonomy":"category","embeddable":true,"href":"https:\/\/hormigaradio.com\/index.php?rest_route=%2Fwp%2Fv2%2Fcategories&post=22876"},{"taxonomy":"post_tag","embeddable":true,"href":"https:\/\/hormigaradio.com\/index.php?rest_route=%2Fwp%2Fv2%2Ftags&post=22876"}],"curies":[{"name":"wp","href":"https:\/\/api.w.org\/{rel}","templated":true}]}}