{"id":22883,"date":"2025-03-06T13:00:14","date_gmt":"2025-03-06T13:00:14","guid":{"rendered":"https:\/\/hormigaradio.com\/?p=22883"},"modified":"2025-03-06T13:02:35","modified_gmt":"2025-03-06T13:02:35","slug":"manolo-el-buquinista-de-militar-espanol-a-la-satisfaccion-de-hacer-amigos-en-santiago-de-los-caballeros-a-traves-de-los-libros","status":"publish","type":"post","link":"https:\/\/hormigaradio.com\/?p=22883","title":{"rendered":"MANOLO EL BUQUINISTA: DE MILITAR ESPA\u00d1OL A LA SATISFACCI\u00d3N DE HACER AMIGOS EN SANTIAGO DE LOS CABALLEROS A TRAV\u00c9S DE LOS LIBROS"},"content":{"rendered":"<figure><a title=\"M\u00e1ximo Laureano\" href=\"https:\/\/acento.com.do\/autor\/mlaureano.html\"><img class=\"i-amphtml-fill-content i-amphtml-replaced-content\" src=\"https:\/\/acento.com.do\/resources\/img\/logo-user-no-foto.jpg\" alt=\"M\u00e1ximo Laureano\" \/><\/a><\/figure>\n<div class=\"extra-holder\">\n<p>Por\u00a0<span class=\"name font-600\"><a title=\"M\u00e1ximo Laureano\" href=\"https:\/\/acento.com.do\/autor\/mlaureano.html\">M\u00e1ximo Laureano<\/a><\/span><\/p>\n<div class=\"flex-container align-center\">&#8220;Una vaina bacana&#8221;, &#8220;Toy puesto pa&#8217; ti&#8221;, T\u00fa ere de lo m\u00edo&#8221; son algunas de las frases que ha agregado a su vocabulario <a href=\"https:\/\/acento.com.do\/cultura\/manolo-el-buquinista-9460004.html\">Jos\u00e9 Manuel Ramas Ram\u00edrez (Manolo)<\/a>, ciudadano de Galicia, Espa\u00f1a. Embrujado por el encanto de los dominicanos, Manolo decidi\u00f3 vivir en Santiago de los Caballeros, y su patria s\u00f3lo va de visita.<\/div>\n<\/div>\n<p>Afirma que le bast\u00f3 salir del Aeropuerto Internacional Doctor Jos\u00e9 Francisco Pe\u00f1a G\u00f3mez (Las Am\u00e9ricas), en su primer viaje a la Rep\u00fablica Dominicana, para prometerse de que, una vez jubilado, esta tierra caribe\u00f1a ser\u00eda su nueva casa.<\/p>\n<figure><img class=\"i-amphtml-fill-content i-amphtml-replaced-content\" title=\"Manolo-el-buquinista-548x728\" src=\"https:\/\/media.acento.com.do\/media\/storage02\/uploads\/2025\/03\/Manolo-el-buquinista-548x728.webp\" alt=\"Manolo-el-buquinista-548x728\" \/><figcaption>Jos\u00e9 Manuel Ramas Ram\u00edrez (Manolo). Foto M\u00e1ximo Laureano. Acento.com.do<\/figcaption><\/figure>\n<p>Y en efecto, Don Manolo, a los 10 d\u00edas del aviso de su pensi\u00f3n de exoficial del ej\u00e9rcito espa\u00f1ol recogi\u00f3 sus cosas para hacer vida en la Rep\u00fablica Dominicana, espec\u00edficamente en Santiago de los Caballeros.<\/p>\n<section id=\"newsletter\">\n<header class=\"newsletter__header\"><\/header>\n<p class=\"newsletter__disclaimer\">Su biblioteca personal le acompa\u00f1\u00f3 hasta el otro lado del Atl\u00e1ntico. Y, precisamente, los libros que atesor\u00f3 y que disfrut\u00f3 empez\u00f3 a compartirlos con personas interesadas mediante la venta informal.<\/p>\n<\/section>\n<p>As\u00ed se convirti\u00f3 en un vendedor de libros \u201csegunda mano\u201d, un\u00a0<a href=\"https:\/\/acento.com.do\/cultura\/manolo-el-buquinista-9460004.html\">buquinista<\/a>\u00a0itinerante. Hace tres a\u00f1os decidi\u00f3 instalarse cada s\u00e1bado en el Parque Duarte de Santiago de los Caballeros, en la calle 30 de marzo.\u00a0 Otros d\u00edas va a plaza comercial Colinas Mall, en la avenida 27 de Febrero y a la sede local de la Universidad Aut\u00f3noma de Santo Domingo (UASD), en el sector La Barranquita.<\/p>\n<div class=\"banner-box\">\n<div id=\"div-gpt-ad-1732723518537-6-1\" data-google-query-id=\"COCfxpXA9YsDFVMHigMd6yUrFA\">\n<div id=\"google_ads_iframe_\/5168668\/News_Middle_02_0__container__\">\u201cTodo empez\u00f3 as\u00ed, yo ten\u00eda una biblioteca bastante grande y alguien me anim\u00f3 a hacer esto de vender libros, empec\u00e9 a vender mi biblioteca, pero despu\u00e9s la demanda fue creciendo y empezamos a traer libros de segunda mano desde Espa\u00f1a\u201d, afirm\u00f3 el ciudadano espa\u00f1ol.<\/div>\n<\/div>\n<\/div>\n<p>Don Manolo recibe cada semana cientos de personas en el parque Duarte de la Ciudad Coraz\u00f3n, gente que se acerca a la mesa para acariciar los libros, revisar, leer fragmentos. Otros se interesan y preguntan, intercambian ideas y muchos se despiden comprando una obra, que pueden llevar a su colecci\u00f3n con precios que van desde RD$ 300.00 a RD$ 600.00.<\/p>\n<p>Manolo aclara que estos son precios para evitar el regateo, ya que se trata de obras que en el mercado regular se venden por sumas entre RD$ 1, 000.00 y RD$ 1, 500.00.<\/p>\n<p>En conversaci\u00f3n con el equipo de\u00a0<a href=\"http:\/\/www.acento.com.do\/\">www.acento.com.do<\/a>\u00a0y Acento TV de Santiago, afirm\u00f3 que\u00a0 su clientela es amplia. Dijo que es una \u201cfauna\u201d muy diversa, que compra desde los t\u00edtulos de autoayuda, como esos que\u00a0 orientan sobre como hacer riqueza,\u00a0 los autores de ficci\u00f3n hasta los cl\u00e1sicos de la literatura.<\/p>\n<p>\u201cEl ochenta por ciento de mis compradores son mujeres, la inquietud intelectual que yo aprecio es de la mujer, la mujer es la que busca, la que se interesa por comprar libros\u201d, expresa Manolo, y agrega que el porcentaje podr\u00eda ser m\u00e1s alto.<\/p>\n<div class=\"related-news\">\n<div class=\"related-news__fake-slider\">\n<article>\n<h3 class=\"font-600\"><span style=\"font-size: 16px;\">Detalla que la mayor\u00eda se inclina por los autores conocidos, y que pocos se aventuran por t\u00edtulos desconocidos. Manolo ya cuenta con lectores que hacen encargos de libros, los cuales gestiona con sus contactos en Espa\u00f1a.<\/span><\/h3>\n<\/article>\n<\/div>\n<\/div>\n<h2><strong>Los m\u00e1s vendidos<\/strong><\/h2>\n<figure><img class=\"i-amphtml-fill-content i-amphtml-replaced-content\" title=\"Libros-de-Manolo-703x728\" src=\"https:\/\/media.acento.com.do\/media\/storage02\/uploads\/2025\/03\/Libros-de-Manolo-703x728.webp\" alt=\"Libros-de-Manolo-703x728\" \/><figcaption>Los libros de Manolo.<\/figcaption><\/figure>\n<p>Entre los m\u00e1s vendidos Manolo menciona en primer lugar las obras de autores populares, en segundo lugar son requeridos los grandes cl\u00e1sicos de la literatura, sobre todo cuando los compradores son personas m\u00e1s adultas. Tambi\u00e9n son muy demandados los libros de autoayuda, les siguen los cl\u00e1sicos del pensamiento, los de filosof\u00eda, luego los libros que son muy promocionado en las redes sociales, independientemente de la tem\u00e1tica. Tambi\u00e9n son muy buscados los c\u00f3mics o historietas.<\/p>\n<p>\u201cEso es una locura\u201d, dice Manolo sobre los c\u00f3mics.<\/p>\n<h2><strong>Lo que hay en la mesa de Manolo<\/strong><\/h2>\n<p>Con un simple vistazo a la mensa de Manolo el lector se hallar\u00e1 con \u00a0Plat\u00f3n, Arist\u00f3teles, Descartes, Nietzsche, Tolst\u00f3i.<\/p>\n<p>Tambi\u00e9n con las aventuras narradas por Julio Verne, Eulalio, Calgary, Kipling, entre otros.<\/p>\n<div class=\"banner-box\"><\/div>\n<p>Si alguien disfruta del g\u00e9nero policial y del suspenso podr\u00e1 elegir entre Agatha Christie y Edgar Allan Poe.<\/p>\n<p>No faltan los autores m\u00e1s vendido de los \u00faltimos a\u00f1os, como Tom Clancy, Pablo Coelho, Kent Follet, Isabel Allende.<\/p>\n<p>Si lo suyo es la autoayuda, podr\u00e1 hallar libros como \u201cPadres ricos, padres pobres\u201d, \u201cPsicolog\u00eda oscura\u201d, \u201cPiense y h\u00e1gase rico\u201d.<\/p>\n<p>Dominicanos: Juan Bosch y sus \u201c<em>Cuentos escritos antes del exilio<\/em>\u201d. Abudan libros sobre el dictador Trujillo y sobre el patricio Juan Pablo Duarte.<\/p>\n<p>Entre los c\u00f3mics resaltan Spiderman, Batman, y el manga japon\u00e9s es especialmente buscado.<\/p>\n<div class=\"related-news\">\n<p><strong>Lectores j\u00f3venes<\/strong><\/p>\n<\/div>\n<p>Contrario a la creencia de que la juventud se inclina m\u00e1s por los contenidos audiovisuales, \u00a0Manolo afirma que entre sus clientes tiene a muchos j\u00f3venes que le piden orientaci\u00f3n sobre qu\u00e9 leer, qu\u00e9 tipo de lectura les puede resultar interesante para crear el h\u00e1bito.<\/p>\n<p>\u201cMe\u00a0 he encontrado con chicas j\u00f3venes que me piden consejos, que les recomiende un libro, pero sobre todo me piden un libro que avive el h\u00e1bito de la lectura\u201d, explica Manolo.<\/p>\n<h2><strong>Malentendido<\/strong><\/h2>\n<p>Jos\u00e9 Manuel Ramas Ram\u00edrez (Manolo) y su puesto m\u00f3vil ha sido tema de atenci\u00f3n en d\u00edas recientes, luego que en el encargado de Plazas y Parque el Ayuntamiento de Santiago le impidiera instalarse en el parque Duarte, donde ha estado desde el 2023.<\/p>\n<p>El hecho preocup\u00f3 a los amantes de la lectura y a los escritores, sobre todo despu\u00e9s que Acento.com.do public\u00f3 en su secci\u00f3n cultural un art\u00edculo del escritor y educador\u00a0<a href=\"https:\/\/acento.com.do\/cultura\/manolo-el-buquinista-9460004.html\">Eugenio Camacho<\/a>. La noticia se comparti\u00f3 en redes sociales y otros medios, lo que llev\u00f3 a las autoridades locales a dejar sin efecto la prohibici\u00f3n.<\/p>\n<p>La encargada de Cultura del Ayuntamiento de Santiago, Miriam Cruz Garc\u00eda, ha informado que se trat\u00f3 de un malentendido, y que a Manolo, se le garantiz\u00f3 que seguir\u00eda con su puesto de libros en el parque Duarte, como cada s\u00e1bado.<\/p>\n<p>Cruz Garc\u00eda dijo que hay un programa municipal en avance, para reorganizar los vendedores en esta plaza, pero que mientras se cumple con el proceso, nadie le impedir\u00e1 a Manolo vender libros en el parque Daurte.<\/p>\n<h2><strong>Sobre Manolo<\/strong><\/h2>\n<p>Jos\u00e9 Manuel Ramas Ram\u00edrez (Manolo) fue teniente coronel del Cuerpo de Intendencia del Ej\u00e9rcito de Tierra, en Espa\u00f1a. Tras jubilarse, se estableci\u00f3 en la Rep\u00fablica Dominicana, donde vive hace seis a\u00f1os. Adem\u00e1s de vender libros en el parque Duarte de Santiago de los Caballeros y otras plazas, cuenta que cada d\u00eda busca hacer amigos, conversa con los compradores de libros y con escritores dominicanos que lo visitan.<\/p>\n<p>Impactos: 44<\/p>","protected":false},"excerpt":{"rendered":"<p>Por\u00a0M\u00e1ximo Laureano &#8220;Una vaina bacana&#8221;, &#8220;Toy puesto pa&#8217; ti&#8221;, T\u00fa ere de lo m\u00edo&#8221; son algunas de las frases que ha agregado a su<\/p>\n","protected":false},"author":3,"featured_media":22885,"comment_status":"closed","ping_status":"closed","sticky":false,"template":"","format":"standard","meta":[],"categories":[4],"tags":[],"_links":{"self":[{"href":"https:\/\/hormigaradio.com\/index.php?rest_route=\/wp\/v2\/posts\/22883"}],"collection":[{"href":"https:\/\/hormigaradio.com\/index.php?rest_route=\/wp\/v2\/posts"}],"about":[{"href":"https:\/\/hormigaradio.com\/index.php?rest_route=\/wp\/v2\/types\/post"}],"author":[{"embeddable":true,"href":"https:\/\/hormigaradio.com\/index.php?rest_route=\/wp\/v2\/users\/3"}],"replies":[{"embeddable":true,"href":"https:\/\/hormigaradio.com\/index.php?rest_route=%2Fwp%2Fv2%2Fcomments&post=22883"}],"version-history":[{"count":1,"href":"https:\/\/hormigaradio.com\/index.php?rest_route=\/wp\/v2\/posts\/22883\/revisions"}],"predecessor-version":[{"id":22884,"href":"https:\/\/hormigaradio.com\/index.php?rest_route=\/wp\/v2\/posts\/22883\/revisions\/22884"}],"wp:featuredmedia":[{"embeddable":true,"href":"https:\/\/hormigaradio.com\/index.php?rest_route=\/wp\/v2\/media\/22885"}],"wp:attachment":[{"href":"https:\/\/hormigaradio.com\/index.php?rest_route=%2Fwp%2Fv2%2Fmedia&parent=22883"}],"wp:term":[{"taxonomy":"category","embeddable":true,"href":"https:\/\/hormigaradio.com\/index.php?rest_route=%2Fwp%2Fv2%2Fcategories&post=22883"},{"taxonomy":"post_tag","embeddable":true,"href":"https:\/\/hormigaradio.com\/index.php?rest_route=%2Fwp%2Fv2%2Ftags&post=22883"}],"curies":[{"name":"wp","href":"https:\/\/api.w.org\/{rel}","templated":true}]}}