{"id":22891,"date":"2025-03-08T23:55:35","date_gmt":"2025-03-08T23:55:35","guid":{"rendered":"https:\/\/hormigaradio.com\/?p=22891"},"modified":"2025-03-08T23:59:08","modified_gmt":"2025-03-08T23:59:08","slug":"22891","status":"publish","type":"post","link":"https:\/\/hormigaradio.com\/?p=22891","title":{"rendered":"PRESIDENTE ABINADER RECIBE EL T\u00cdTULO DOCTOR HONORIS CAUSA DE UTESA"},"content":{"rendered":"<p><img loading=\"lazy\" class=\"alignnone wp-image-15152\" src=\"http:\/\/hormigaradio.com\/wp-content\/uploads\/2022\/01\/FIRMA-para-Hormiga-Radio-300x158.jpeg\" alt=\"\" width=\"80\" height=\"42\" \/><\/p>\n<p>El presidente Luis Abinader recibi\u00f3 hoy el t\u00edtulo de Doctor Honoris Causa de la Universidad Tecnol\u00f3gica de Santiago (UTESA), por su notable liderazgo y aportes a la naci\u00f3n dominicana, a trav\u00e9s de su firme gesti\u00f3n como estadista, empresario, educador y ciudadano ejemplar.<\/p>\n<p>Adem\u00e1s, por proyectar una noble vocaci\u00f3n y compromiso social, que le han merecido reconocimientos nacionales e internacionales, trayectoria que constituye un ejemplo para las presentes y futuras generaciones.<\/p>\n<p>Tras recibir del canciller del Sistema Corporativo UTESA, Frank Rodr\u00edguez Gonz\u00e1lez; de la rectora Lily Rodr\u00edguez Gonz\u00e1lez y de la vicecanciller de Relaciones Internacionales e Interinstitucionales, Ingrid Gonz\u00e1lez de Rodr\u00edguez, el pergamino que acredita su doctorado, el mandatario, dijo que esta distinci\u00f3n es un honor que va m\u00e1s all\u00e1 de lo personal.<\/p>\n<p>El jefe de Estado quien estuvo acompa\u00f1ado de la vicepresidenta Raquel Pe\u00f1a y de la primera dama Raquel Arbaje, manifest\u00f3 que el reconocimiento constituye, adem\u00e1s, un recordatorio de que solo a trav\u00e9s del conocimiento y la formaci\u00f3n se puede transformar de verdad la naci\u00f3n en un faro de desarrollo, equidad y justicia.<\/p>\n<p>Expres\u00f3 que a partir de hoy, con el honor que le confiere este doctorado, renueva su compromiso con la educaci\u00f3n del pa\u00eds y asegur\u00f3 que seguir\u00e1 trabajando por pol\u00edticas p\u00fablicas que garanticen el acceso equitativo al conocimiento, que dignifiquen la labor de los maestros y que promuevan la investigaci\u00f3n y la innovaci\u00f3n.<\/p>\n<p>&#8220;Les confieso que recibo hoy este reconocimiento con una profunda emoci\u00f3n y un sentido de responsabilidad renovado. Es un reconocimiento al trabajo incansable que como pa\u00eds hemos asumido todos en favor de la educaci\u00f3n, del progreso y de la democracia&#8221;, manifest\u00f3.<\/p>\n<p>Expres\u00f3 su fiel convencimiento de que no hay democracia ni mundo posible sin educaci\u00f3n, y no hay educaci\u00f3n sin instituciones comprometidas con la excelencia y el saber y afirm\u00f3 que, la Rep\u00fablica Dominicana ha comprendido que la educaci\u00f3n no es solo un derecho, sino una necesidad imperiosa para garantizar una sociedad libre y justa.<\/p>\n<p>La distinci\u00f3n del mandatario se produjo durante la cent\u00e9sima graduaci\u00f3n ordinaria de la sede de UTESA Santiago, donde se invirtieron 651 nuevos profesionales de distintas \u00e1reas.<\/p>\n<p>UTESA ha sido un pilar fundamental en la transformaci\u00f3n educativa.<\/p>\n<p><img loading=\"lazy\" class=\"aligncenter wp-image-22894 size-large\" src=\"http:\/\/hormigaradio.com\/wp-content\/uploads\/2025\/03\/abinader-Utesa-2-1024x688.jpg\" alt=\"\" width=\"715\" height=\"480\" srcset=\"https:\/\/hormigaradio.com\/wp-content\/uploads\/2025\/03\/abinader-Utesa-2-1024x688.jpg 1024w, https:\/\/hormigaradio.com\/wp-content\/uploads\/2025\/03\/abinader-Utesa-2-300x202.jpg 300w, https:\/\/hormigaradio.com\/wp-content\/uploads\/2025\/03\/abinader-Utesa-2-768x516.jpg 768w, https:\/\/hormigaradio.com\/wp-content\/uploads\/2025\/03\/abinader-Utesa-2-1536x1032.jpg 1536w, https:\/\/hormigaradio.com\/wp-content\/uploads\/2025\/03\/abinader-Utesa-2.jpg 1600w\" sizes=\"(max-width: 715px) 100vw, 715px\" \/><\/p>\n<p>El presidente Abinader consider\u00f3 que desde su fundaci\u00f3n, UTESA ha sido un pilar fundamental en la transformaci\u00f3n educativa, social y econ\u00f3mica de la Rep\u00fablica Dominicana. &#8220;Hablar de UTESA es hablar de innovaci\u00f3n, persistencia y progreso. Ha sido pionera en el uso de herramientas tecnol\u00f3gicas para la ense\u00f1anza, fortaleciendo la capacidad de nuestros profesionales para competir en un mundo globalizado y no podemos hablar del impacto de UTESA sin mencionar su rol en el \u00e1rea de la salud&#8221;.<\/p>\n<p>Y agreg\u00f3: &#8220;Hoy, como Presidente de la Rep\u00fablica, expreso mi m\u00e1s profunda gratitud y reconocimiento a UTESA por su invaluable contribuci\u00f3n al desarrollo de la sociedad dominicana. Esta universidad no solo educa, sino que inspira, forma ciudadanos responsables y refuerza los valores que nos unen como naci\u00f3n. Y su principal inspirador fue nuestro querido e inolvidable Don Pr\u00edamo, su fundador. La vida de Don Pr\u00edamo deber\u00eda conocerla cada estudiante de esta universidad como ejemplo de trabajo, superaci\u00f3n, persistencia, creatividad y patriotismo&#8221;.<\/p>\n<p>El gobernante aprovech\u00f3 para hacer un llamado a todos los presentes, especialmente a los j\u00f3venes, para que nunca dejen de aprender, para que la curiosidad sea su motor y la educaci\u00f3n su br\u00fajula. &#8220;Y a ustedes, los j\u00f3venes de esta universidad, me quiero dirigir muy especialmente ahora con un mensaje claro y esperanzador: aprovechen esta oportunidad, sigan prepar\u00e1ndose, porque el futuro de la Rep\u00fablica Dominicana depende de ustedes. La educaci\u00f3n es el motor del desarrollo, y ustedes son la fuerza que llevar\u00e1 a nuestro pa\u00eds a nuevos niveles de progreso&#8221;.<\/p>\n<p>Les expres\u00f3 que, el futuro est\u00e1 en sus manos y reafirm\u00f3 el compromiso del Gobierno de seguir apoyando la educaci\u00f3n t\u00e9cnica y profesional, de crear m\u00e1s oportunidades de capacitaci\u00f3n, de abrir m\u00e1s puertas para que ning\u00fan joven con el deseo de superarse se quede atr\u00e1s. Los anim\u00f3 a seguir adelante con determinaci\u00f3n y con la certeza de que el esfuerzo que hacen hoy rendir\u00e1 frutos ma\u00f1ana.<\/p>\n<p>&#8220;Con humildad y gratitud, acepto este honor y reafirmo mi compromiso con la educaci\u00f3n, con la democracia y con el bienestar de nuestro amado pueblo dominicano. Y tambi\u00e9n, con la legitimidad de formar ya parte de esta enorme familia, les digo, como alumno y como presidente, que cuento con ustedes para pelear por el futuro que so\u00f1amos y por el que nos ponemos a trabajar desde ahora mismo&#8221;, concluy\u00f3 el presidente Abinader.<\/p>\n<p>Presidente Abinader tiene un compromiso aut\u00e9ntico con el bienestar y el progreso del pa\u00eds<\/p>\n<p>De su lado, el canciller del Sistema Corporativo UTESA, Frank Rodr\u00edguez Gonz\u00e1lez, expres\u00f3 que el presidente Abinader, honrado hoy por su destacada trayectoria, con su liderazgo cimentado en s\u00f3lidos valores de integridad y transparencia refleja la formaci\u00f3n recibida desde temprana edad en su hogar y con un compromiso aut\u00e9ntico con el bienestar y el progreso del pa\u00eds.<\/p>\n<p>&#8220;Es admirable observar como usted ha conjugado la exitosa experiencia empresarial y pol\u00edtica con la promoci\u00f3n de los valores fundamentales. Sus logros y recuperaci\u00f3n post pandemia, protecci\u00f3n de nuestro turismo, un crecimiento econ\u00f3mico sostenido, transparencia institucional, mejoras de infraestructura y generaci\u00f3n de oportunidades econ\u00f3micas y sociales; as\u00ed como los reconocimientos internacionales recibidos enaltecen, no solo su figura presidencial, sino la de toda la naci\u00f3n. Invitamos a todos nuestros estudiantes a seguir su ejemplo participando en la pol\u00edtica con transparencia, honorabilidad y compromiso, se\u00f1or presidente reciba nuestra m\u00e1s alta admiraci\u00f3n y respeto dese\u00e1ndole \u00e9xitos continuos en sus iniciativas a favor de nuestra naci\u00f3n&#8221;, manifest\u00f3 Rodr\u00edguez Gonz\u00e1lez.<\/p>\n<p>Estuvieron presentes los ministros de Educaci\u00f3n Superior, Ciencia y Tecnolog\u00eda, Franklin Garc\u00eda Ferm\u00edn; de Educaci\u00f3n, Luis Miguel De Camps; de Obras P\u00fablicas, Eduardo Estrella; la gobernadora provincial, Rosa Santos; el senador Daniel Rivera; el alcalde de Santiago, Ulises Rodr\u00edguez; como invitado especial, Jos\u00e9 Rafael Abinader.<\/p>\n<p>Impactos: 40<\/p>","protected":false},"excerpt":{"rendered":"<p>El presidente Luis Abinader recibi\u00f3 hoy el t\u00edtulo de Doctor Honoris Causa de la Universidad Tecnol\u00f3gica de Santiago (UTESA), por su notable liderazgo y<\/p>\n","protected":false},"author":3,"featured_media":22893,"comment_status":"closed","ping_status":"closed","sticky":false,"template":"","format":"standard","meta":[],"categories":[3],"tags":[],"_links":{"self":[{"href":"https:\/\/hormigaradio.com\/index.php?rest_route=\/wp\/v2\/posts\/22891"}],"collection":[{"href":"https:\/\/hormigaradio.com\/index.php?rest_route=\/wp\/v2\/posts"}],"about":[{"href":"https:\/\/hormigaradio.com\/index.php?rest_route=\/wp\/v2\/types\/post"}],"author":[{"embeddable":true,"href":"https:\/\/hormigaradio.com\/index.php?rest_route=\/wp\/v2\/users\/3"}],"replies":[{"embeddable":true,"href":"https:\/\/hormigaradio.com\/index.php?rest_route=%2Fwp%2Fv2%2Fcomments&post=22891"}],"version-history":[{"count":4,"href":"https:\/\/hormigaradio.com\/index.php?rest_route=\/wp\/v2\/posts\/22891\/revisions"}],"predecessor-version":[{"id":22897,"href":"https:\/\/hormigaradio.com\/index.php?rest_route=\/wp\/v2\/posts\/22891\/revisions\/22897"}],"wp:featuredmedia":[{"embeddable":true,"href":"https:\/\/hormigaradio.com\/index.php?rest_route=\/wp\/v2\/media\/22893"}],"wp:attachment":[{"href":"https:\/\/hormigaradio.com\/index.php?rest_route=%2Fwp%2Fv2%2Fmedia&parent=22891"}],"wp:term":[{"taxonomy":"category","embeddable":true,"href":"https:\/\/hormigaradio.com\/index.php?rest_route=%2Fwp%2Fv2%2Fcategories&post=22891"},{"taxonomy":"post_tag","embeddable":true,"href":"https:\/\/hormigaradio.com\/index.php?rest_route=%2Fwp%2Fv2%2Ftags&post=22891"}],"curies":[{"name":"wp","href":"https:\/\/api.w.org\/{rel}","templated":true}]}}