{"id":22904,"date":"2025-03-10T22:35:04","date_gmt":"2025-03-10T22:35:04","guid":{"rendered":"https:\/\/hormigaradio.com\/?p=22904"},"modified":"2025-03-10T22:36:08","modified_gmt":"2025-03-10T22:36:08","slug":"leonel-defiende-obras-santiago-llama-agilizar-trabajo-monorriel-y-ayudar-comerciantes","status":"publish","type":"post","link":"https:\/\/hormigaradio.com\/?p=22904","title":{"rendered":"LEONEL DEFIENDE OBRAS SANTIAGO; LLAMA AGILIZAR TRABAJO MONORRIEL Y AYUDAR COMERCIANTES"},"content":{"rendered":"<figure><a title=\"M\u00e1ximo Laureano\" href=\"https:\/\/acento.com.do\/autor\/mlaureano.html\"><img class=\"i-amphtml-fill-content i-amphtml-replaced-content\" src=\"https:\/\/acento.com.do\/resources\/img\/logo-user-no-foto.jpg\" alt=\"M\u00e1ximo Laureano\" \/><\/a><\/figure>\n<div class=\"extra-holder\">\n<p>Por\u00a0<span class=\"name font-600\"><a title=\"M\u00e1ximo Laureano\" href=\"https:\/\/acento.com.do\/autor\/mlaureano.html\">M\u00e1ximo Laureano<\/a><\/span><\/p>\n<div class=\"flex-container align-center\">El expresidente de la Rep\u00fablica y eventual candidato presidencial del partido <strong>Fuerza del Pueblo<\/strong>\u00a0(FP),\u00a0<strong>Leonel Fern\u00e1ndez Reyna<\/strong>, present\u00f3 en Santiago un listado de las obras que, seg\u00fan afirm\u00f3, fueron realizadas durante sus administraciones en esta provincia.<\/div>\n<\/div>\n<p>Durante el conversatorio \u201cLa voz del pueblo\u201d, en Santiago, el exmandatario respondi\u00f3 al presidente de la Rep\u00fablica,\u00a0<strong>Luis Abinader<\/strong>, quien habr\u00eda afirmado que un kil\u00f3metro del\u00a0<strong>Monorriel<\/strong>\u00a0es m\u00e1s que todas las obras ejecutadas por la gesti\u00f3n de Fern\u00e1ndez Reyna en esta demarcaci\u00f3n.<\/p>\n<p><iframe loading=\"lazy\" title=\"Leonel defiende obras Santiago; llama agilizar trabajo Monorriel y ayudar comerciantes\" src=\"https:\/\/geo.dailymotion.com\/player.html?video=x9fw8dc&amp;\" width=\"500\" height=\"625\" frameborder=\"0\" allowfullscreen=\"allowfullscreen\" data-mce-fragment=\"1\"><\/iframe><\/p>\n<p>En su intervenci\u00f3n y en respuesta a preguntas de periodistas, el exmandatario no solo habl\u00f3 de las obras, sino tambi\u00e9n de la crisis de agua potable que afecta a Santiago, la cual atribuy\u00f3 a la politizaci\u00f3n en la administraci\u00f3n de la Corporaci\u00f3n de Acueducto y Alcantarillado de Santiago\u00a0<strong>(Coraasan).<\/strong><\/p>\n<section id=\"newsletter\">\n<header class=\"newsletter__header\"><\/header>\n<p class=\"newsletter__disclaimer\">\u201cEso se debe a que no se prioriza el tema del agua en la gesti\u00f3n gubernamental, a que se invierte m\u00e1s en gasto corriente, a que se politiza <strong>Coraasan,<\/strong>\u00a0y as\u00ed no puede resolverse el problema jam\u00e1s\u201d, dijo el presidente del FP.<\/p>\n<\/section>\n<p><strong>Fern\u00e1ndez Reyna<\/strong>\u00a0afirm\u00f3 que los productos de la canasta familiar han aumentado en un 36 % o m\u00e1s desde el a\u00f1o 2020, cuando el Partido Revolucionario Moderno\u00a0<strong>(PRM)<\/strong>\u00a0asumi\u00f3 el poder, lo que, seg\u00fan se\u00f1al\u00f3, ha afectado a la clase m\u00e1s pobre.<\/p>\n<div class=\"banner-box\">\n<div id=\"div-gpt-ad-1732723518537-6-1\" data-google-query-id=\"CIzjmbrIgIwDFXrglAkdwa0UHw\">\n<div id=\"google_ads_iframe_\/5168668\/News_Middle_02_0__container__\">Asimismo, critic\u00f3 que el Telef\u00e9rico de Santiago, el cual, seg\u00fan sus datos, no transporta en un mes la cantidad de 9,000 pasajeros que el Gobierno hab\u00eda proyectado para un solo d\u00eda, por lo que la poblaci\u00f3n percibe la obra como un \u201celefante blanco\u201d.<\/div>\n<\/div>\n<\/div>\n<p>En relaci\u00f3n con el Monorriel en construcci\u00f3n en Santiago,\u00a0<strong>Fern\u00e1ndez Reyna<\/strong>\u00a0valor\u00f3 la obra como un avance para el progreso y la consider\u00f3 una continuaci\u00f3n de su iniciativa del\u00a0<strong>Metro de Santo Domingo<\/strong>. No obstante, denunci\u00f3 que la improvisaci\u00f3n en su proceso de construcci\u00f3n ha llevado a decenas de comerciantes a la quiebra, por lo que entiende que deben ser subsidiados.<\/p>\n<p>\u201cQue agilicen la culminaci\u00f3n de la obra y adopten medidas para el pago de impuestos, ayuden con el TSS y cooperen para que los comerciantes puedan enfrentar las deudas que han acumulado\u201d, manifest\u00f3\u00a0<strong>Fern\u00e1ndez Reyna<\/strong>, quien tambi\u00e9n abord\u00f3 otros temas como las candidaturas independientes para el 2028, las tierras raras, la elecci\u00f3n del procurador general de la Rep\u00fablica, la reforma fiscal, la tasa del d\u00f3lar y otros aspectos de la econom\u00eda.<\/p>\n<p>Durante su alocuci\u00f3n en el\u00a0<strong>Hotel Mat\u00fan<\/strong>, en Santiago de los Caballeros, critic\u00f3 que el Gobierno anuncie medidas y firme decretos que luego deben ser revocados. Tambi\u00e9n mencion\u00f3 proyectos prometidos pero no iniciados, como la Autopista del \u00c1mbar, que conectar\u00eda Santiago con\u00a0<strong>Puerto Plata<\/strong>.<\/p>\n<p>\u201cYo nunca firm\u00e9 algo que luego tuve que echar para atr\u00e1s\u201d, expres\u00f3 el l\u00edder de Fuerza del Pueblo, quien rehus\u00f3 responder qui\u00e9n ser\u00eda el candidato presidencial de su partido para el 2028. Aleg\u00f3 que no es tiempo de hablar de ese tema, ya que hacerlo violar\u00eda la\u00a0<strong>Ley de Partidos<\/strong>.<\/p>\n<p>Impactos: 31<\/p>","protected":false},"excerpt":{"rendered":"<p>Por\u00a0M\u00e1ximo Laureano El expresidente de la Rep\u00fablica y eventual candidato presidencial del partido Fuerza del Pueblo\u00a0(FP),\u00a0Leonel Fern\u00e1ndez Reyna, present\u00f3 en Santiago un listado de<\/p>\n","protected":false},"author":3,"featured_media":22906,"comment_status":"closed","ping_status":"closed","sticky":false,"template":"","format":"standard","meta":[],"categories":[6],"tags":[],"_links":{"self":[{"href":"https:\/\/hormigaradio.com\/index.php?rest_route=\/wp\/v2\/posts\/22904"}],"collection":[{"href":"https:\/\/hormigaradio.com\/index.php?rest_route=\/wp\/v2\/posts"}],"about":[{"href":"https:\/\/hormigaradio.com\/index.php?rest_route=\/wp\/v2\/types\/post"}],"author":[{"embeddable":true,"href":"https:\/\/hormigaradio.com\/index.php?rest_route=\/wp\/v2\/users\/3"}],"replies":[{"embeddable":true,"href":"https:\/\/hormigaradio.com\/index.php?rest_route=%2Fwp%2Fv2%2Fcomments&post=22904"}],"version-history":[{"count":1,"href":"https:\/\/hormigaradio.com\/index.php?rest_route=\/wp\/v2\/posts\/22904\/revisions"}],"predecessor-version":[{"id":22905,"href":"https:\/\/hormigaradio.com\/index.php?rest_route=\/wp\/v2\/posts\/22904\/revisions\/22905"}],"wp:featuredmedia":[{"embeddable":true,"href":"https:\/\/hormigaradio.com\/index.php?rest_route=\/wp\/v2\/media\/22906"}],"wp:attachment":[{"href":"https:\/\/hormigaradio.com\/index.php?rest_route=%2Fwp%2Fv2%2Fmedia&parent=22904"}],"wp:term":[{"taxonomy":"category","embeddable":true,"href":"https:\/\/hormigaradio.com\/index.php?rest_route=%2Fwp%2Fv2%2Fcategories&post=22904"},{"taxonomy":"post_tag","embeddable":true,"href":"https:\/\/hormigaradio.com\/index.php?rest_route=%2Fwp%2Fv2%2Ftags&post=22904"}],"curies":[{"name":"wp","href":"https:\/\/api.w.org\/{rel}","templated":true}]}}