{"id":22938,"date":"2025-03-14T17:51:39","date_gmt":"2025-03-14T17:51:39","guid":{"rendered":"https:\/\/hormigaradio.com\/?p=22938"},"modified":"2025-03-14T17:53:57","modified_gmt":"2025-03-14T17:53:57","slug":"22938","status":"publish","type":"post","link":"https:\/\/hormigaradio.com\/?p=22938","title":{"rendered":"RAQUEL PE\u00d1A AFIRMA QUE SUE\u00d1A CON SER PRESIDENTA DE LA REP\u00daBLICA"},"content":{"rendered":"<p>Por\u00a0<span class=\"name font-600\"><a title=\"M\u00e1ximo Laureano\" href=\"https:\/\/acento.com.do\/autor\/mlaureano.html\">M\u00e1ximo Laureano<\/a><\/span><\/p>\n<p>La vicepresidenta de la Rep\u00fablica,\u00a0<strong>Raquel Pe\u00f1a Rodr\u00edguez,<\/strong>\u00a0afirm\u00f3 este jueves que sue\u00f1a con ser presidenta de la Rep\u00fablica, aunque no especific\u00f3 si buscar\u00e1 hacer ese sue\u00f1o realidad en el a\u00f1o 2028.<\/p>\n<p>La funcionaria, quien est\u00e1 en su segundo per\u00edodo como vicepresidenta de la Rep\u00fablica, adem\u00e1s de desempe\u00f1ar otras funciones en el Gobierno, respondi\u00f3 con un \u201cS\u00ed\u201d a la pregunta de la periodista Grisbel Medina R., moderadora del Desayuno-Conferencia Empresarial Manuel Arsenio Ure\u00f1a, desarrollado en el hotel Gran Almirante, en Santiago de los Caballeros.<\/p>\n<p><iframe loading=\"lazy\" title=\"Raquel Pen\u0303a afirma que suen\u0303a con ser presidenta de la Repu\u0301blica\" src=\"https:\/\/geo.dailymotion.com\/player.html?video=x9g3l82&amp;\" width=\"500\" height=\"625\" frameborder=\"0\" allowfullscreen=\"allowfullscreen\" data-mce-fragment=\"1\"><\/iframe><\/p>\n<p>\u201cUna vez me preguntaron, cuando fui vicerrectora de Administraci\u00f3n y Finanzas en la PUCMM, si so\u00f1\u00e9 con ser vicerrectora. Dije que no. Despu\u00e9s me preguntaron: \u2018\u00bfT\u00fa so\u00f1aste con ser vicepresidenta?\u2019 Dije que no. Ahora me haces esta pregunta: \u2018\u00bfT\u00fa sue\u00f1as con subir las escalinatas del Palacio como presidenta de la Rep\u00fablica?\u2019, S\u00ed\u201d, respondi\u00f3 la funcionaria, cuya afirmaci\u00f3n fue seguida de un efusivo aplauso de los presentes.<\/p>\n<section id=\"newsletter\">\n<header class=\"newsletter__header\"><\/header>\n<p class=\"newsletter__disclaimer\">La vicepresidenta de la Rep\u00fablica Dominicana, Raquel Pe\u00f1a Rodr\u00edguez, fue la invitada de la Fundaci\u00f3n Arquidiocesana Santiago Ap\u00f3stol (FASA) en el \u201cDesayuno-Conferencia Empresarial Manuel Arsenio Ure\u00f1a\u201d. En el evento, habl\u00f3 sobre el tema \u201cMujeres l\u00edderes impulsando econom\u00edas sostenibles\u201d.<\/p>\n<\/section>\n<p>Impactos: 63<\/p>","protected":false},"excerpt":{"rendered":"<p>Por\u00a0M\u00e1ximo Laureano La vicepresidenta de la Rep\u00fablica,\u00a0Raquel Pe\u00f1a Rodr\u00edguez,\u00a0afirm\u00f3 este jueves que sue\u00f1a con ser presidenta de la Rep\u00fablica, aunque no especific\u00f3 si buscar\u00e1<\/p>\n","protected":false},"author":3,"featured_media":22940,"comment_status":"closed","ping_status":"closed","sticky":false,"template":"","format":"standard","meta":[],"categories":[6],"tags":[],"_links":{"self":[{"href":"https:\/\/hormigaradio.com\/index.php?rest_route=\/wp\/v2\/posts\/22938"}],"collection":[{"href":"https:\/\/hormigaradio.com\/index.php?rest_route=\/wp\/v2\/posts"}],"about":[{"href":"https:\/\/hormigaradio.com\/index.php?rest_route=\/wp\/v2\/types\/post"}],"author":[{"embeddable":true,"href":"https:\/\/hormigaradio.com\/index.php?rest_route=\/wp\/v2\/users\/3"}],"replies":[{"embeddable":true,"href":"https:\/\/hormigaradio.com\/index.php?rest_route=%2Fwp%2Fv2%2Fcomments&post=22938"}],"version-history":[{"count":2,"href":"https:\/\/hormigaradio.com\/index.php?rest_route=\/wp\/v2\/posts\/22938\/revisions"}],"predecessor-version":[{"id":22941,"href":"https:\/\/hormigaradio.com\/index.php?rest_route=\/wp\/v2\/posts\/22938\/revisions\/22941"}],"wp:featuredmedia":[{"embeddable":true,"href":"https:\/\/hormigaradio.com\/index.php?rest_route=\/wp\/v2\/media\/22940"}],"wp:attachment":[{"href":"https:\/\/hormigaradio.com\/index.php?rest_route=%2Fwp%2Fv2%2Fmedia&parent=22938"}],"wp:term":[{"taxonomy":"category","embeddable":true,"href":"https:\/\/hormigaradio.com\/index.php?rest_route=%2Fwp%2Fv2%2Fcategories&post=22938"},{"taxonomy":"post_tag","embeddable":true,"href":"https:\/\/hormigaradio.com\/index.php?rest_route=%2Fwp%2Fv2%2Ftags&post=22938"}],"curies":[{"name":"wp","href":"https:\/\/api.w.org\/{rel}","templated":true}]}}