{"id":22942,"date":"2025-03-14T18:01:21","date_gmt":"2025-03-14T18:01:21","guid":{"rendered":"https:\/\/hormigaradio.com\/?p=22942"},"modified":"2025-03-14T18:03:45","modified_gmt":"2025-03-14T18:03:45","slug":"dos-centros-educativos-en-el-centro-en-el-ojo-del-huracan","status":"publish","type":"post","link":"https:\/\/hormigaradio.com\/?p=22942","title":{"rendered":"DOS CENTROS EDUCATIVOS EN EL CENTRO EN EL OJO DEL HURAC\u00c1N"},"content":{"rendered":"<p>Por\u00a0<span class=\"name font-600\"><a title=\"M\u00e1ximo Laureano\" href=\"https:\/\/acento.com.do\/autor\/mlaureano.html\">M\u00e1ximo Laureano<\/a><\/span><\/p>\n<p>Dos centros educativos de\u00a0<strong>Santiago de los Caballeros<\/strong>\u00a0est\u00e1n en el \u201cojo del hurac\u00e1n\u201d tras el hallazgo de una sustancia que se presume era droga y de armas punzantes.<\/p>\n<p>Estos casos, que est\u00e1n siendo investigados por las autoridades, han alarmado a las sociedades de padres y amigos de los centros educativos.<\/p>\n<p>La situaci\u00f3n ha generado preocupaci\u00f3n en la poblaci\u00f3n, que exige el esclarecimiento de los hechos. Mientras tanto, los responsables del Ministerio de Educaci\u00f3n de la Rep\u00fablica Dominicana (<strong>Minerd<\/strong>) aseguran tener el control de la situaci\u00f3n, y los dirigentes de la Asociaci\u00f3n Dominicana de Profesores (ADP) han criticado la actuaci\u00f3n de las autoridades en el manejo de estos casos.<\/p>\n<p><iframe loading=\"lazy\" title=\"Esc\u00e1ndalo en escuelas de Santiago por presunto hallazgo de droga y armas punzantes\" src=\"https:\/\/geo.dailymotion.com\/player.html?video=x9g3ora&amp;\" width=\"500\" height=\"625\" frameborder=\"0\" allowfullscreen=\"allowfullscreen\" data-mce-fragment=\"1\"><\/iframe><\/p>\n<h2>En el tintero.<\/h2>\n<p>El hallazgo de una sustancia, que se presume era marihuana, entre las pertenencias de un ni\u00f1o del nivel primario en la escuela Aquiles Trinidad, ubicada en el barrio La Yag\u00fcita de Pastor, ha generado alarma entre los padres de los menores que asisten a este centro, quienes exigen que se esclarezca la situaci\u00f3n.<\/p>\n<p>Existen varias versiones sobre el caso, aunque destaca el testimonio recogido en los alrededores de la escuela, seg\u00fan el cual la sustancia fue encontrada en la mochila del menor. Se ha informado que las autoridades del Ministerio P\u00fablico llevaron al ni\u00f1o al Consejo Nacional de la Ni\u00f1ez\u00a0<strong>(Conani)<\/strong>\u00a0con el prop\u00f3sito de iniciar una investigaci\u00f3n.<\/p>\n<p>\u201cEl ni\u00f1o sale de su casa y, en el camino, encuentra una pelotita envuelta en papel con una cinta adhesiva. Viene jugando y, cuando llega a la escuela, se junta con otro ni\u00f1o y empieza a lanzarla contra la pared. En un momento, la pelota se rompe y se derrama lo que ten\u00eda dentro, supuestamente una sustancia controlada\u201d, explic\u00f3 Jon\u00e1s Pe\u00f1a, dirigente comunitario. Sin embargo, esta versi\u00f3n no es respaldada por los maestros ni por algunos padres.<\/p>\n<p>En relaci\u00f3n con lo sucedido en esta escuela, el director del Minerd en Santiago, Pedro Pablo Marte, ha recurrido a la usual explicaci\u00f3n de que el caso est\u00e1 en investigaci\u00f3n y ha solicitado prudencia a los periodistas en el manejo del tema.<\/p>\n<p>\u201cEs una denuncia de situaciones que, con \u00f3rdenes de la Fiscal\u00eda y Conani, fueron atendidas. Retuvieron al ni\u00f1o por seguridad, pero fue una denuncia de la comunidad. Este despacho no tiene pruebas de que se encontraron tales cosas\u201d, declar\u00f3 Marte.<\/p>\n<p>Miguel Jorge, representante de la\u00a0<strong>ADP<\/strong>\u00a0en Santiago, opin\u00f3 sobre el caso y consider\u00f3 que estos incidentes reflejan la realidad de las familias en los barrios.<\/p>\n<p>\u201cLos estudiantes que acuden a nuestros centros p\u00fablicos son los que residen en barrios marginados, donde hay una mayor expresi\u00f3n de violencia y delincuencia. Por lo tanto, no debe sorprender que ocurran situaciones como las denunciadas en esta escuela, donde se ha hablado de una sustancia prohibida\u201d, manifest\u00f3 el dirigente gremial.<\/p>\n<div class=\"related-news\"><\/div>\n<h2>Requisa en el liceo.<\/h2>\n<p>El otro caso involucra una requisa realizada en el liceo Ulises Francisco Espaillat, en el Reparto Oquet, en Santiago de los Caballeros, por la Polic\u00eda Escolar y representantes del Ministerio P\u00fablico.<\/p>\n<p>La acci\u00f3n ha generado controversia, debido a que la revisi\u00f3n en las aulas fue m\u00e1s all\u00e1 de la discreci\u00f3n esperada, por la cantidad de agentes policiales presentes en el centro educativo, donde algunos estudiantes necesitaron asistencia.<\/p>\n<p>Durante el operativo, se habr\u00edan encontrado armas punzantes, \u201cvapers\u201d y otros objetos no permitidos a los estudiantes. Sin embargo, las autoridades no han oficializado esta versi\u00f3n.<\/p>\n<p>\u201cA nosotros nos preocupa que esta sea la forma de abordar el problema de la disciplina escolar. Esto debe tratarse internamente, y solo cuando la situaci\u00f3n escape del control del personal de la escuela debe intervenir una autoridad de otro nivel\u201d, expres\u00f3 Jorge, quien calific\u00f3 la acci\u00f3n como una exageraci\u00f3n que alter\u00f3 la jornada en el centro.<\/p>\n<p>El dirigente de la ADP agreg\u00f3 que, durante la requisa en el liceo, se encontraron tijeras, \u201cvapers\u201d, tel\u00e9fonos celulares y tenedores de uso dom\u00e9stico.<\/p>\n<h2>Casos recientes.<\/h2>\n<p>Los incidentes en las escuelas Ulises Francisco Espaillat y Aquiles Trinidad, que han sido puestos bajo observaci\u00f3n por las autoridades, se suman a otros casos preocupantes en distintos centros educativos.<\/p>\n<p>Hace una semana, se suspendi\u00f3 la docencia en la escuela Nueva Esperanza, en el barrio Fondo de la Botella, debido a presuntos enfrentamientos entre bandas en las cercan\u00edas, seg\u00fan inform\u00f3 Miguel Jorge.<\/p>\n<p>A finales de enero de este a\u00f1o, las autoridades del liceo Ana Antonia Grull\u00f3n, en el distrito municipal de Guayabal, enfrentaron una controversia tras la difusi\u00f3n en redes sociales de un baile realizado por alumnas de la promoci\u00f3n del \u00faltimo nivel de secundaria, considerado inapropiado.<\/p>\n<p>En septiembre de 2024, en la escuela Tel\u00e9sforo Reynoso, en el barrio La Joya, un ni\u00f1o de ocho a\u00f1os hiri\u00f3 a otro con una tijera.<\/p>\n<div class=\"banner-box\"><\/div>\n<p>Impactos: 67<\/p>","protected":false},"excerpt":{"rendered":"<p>Por\u00a0M\u00e1ximo Laureano Dos centros educativos de\u00a0Santiago de los Caballeros\u00a0est\u00e1n en el \u201cojo del hurac\u00e1n\u201d tras el hallazgo de una sustancia que se presume era<\/p>\n","protected":false},"author":3,"featured_media":22944,"comment_status":"closed","ping_status":"closed","sticky":false,"template":"","format":"standard","meta":[],"categories":[9],"tags":[],"_links":{"self":[{"href":"https:\/\/hormigaradio.com\/index.php?rest_route=\/wp\/v2\/posts\/22942"}],"collection":[{"href":"https:\/\/hormigaradio.com\/index.php?rest_route=\/wp\/v2\/posts"}],"about":[{"href":"https:\/\/hormigaradio.com\/index.php?rest_route=\/wp\/v2\/types\/post"}],"author":[{"embeddable":true,"href":"https:\/\/hormigaradio.com\/index.php?rest_route=\/wp\/v2\/users\/3"}],"replies":[{"embeddable":true,"href":"https:\/\/hormigaradio.com\/index.php?rest_route=%2Fwp%2Fv2%2Fcomments&post=22942"}],"version-history":[{"count":1,"href":"https:\/\/hormigaradio.com\/index.php?rest_route=\/wp\/v2\/posts\/22942\/revisions"}],"predecessor-version":[{"id":22943,"href":"https:\/\/hormigaradio.com\/index.php?rest_route=\/wp\/v2\/posts\/22942\/revisions\/22943"}],"wp:featuredmedia":[{"embeddable":true,"href":"https:\/\/hormigaradio.com\/index.php?rest_route=\/wp\/v2\/media\/22944"}],"wp:attachment":[{"href":"https:\/\/hormigaradio.com\/index.php?rest_route=%2Fwp%2Fv2%2Fmedia&parent=22942"}],"wp:term":[{"taxonomy":"category","embeddable":true,"href":"https:\/\/hormigaradio.com\/index.php?rest_route=%2Fwp%2Fv2%2Fcategories&post=22942"},{"taxonomy":"post_tag","embeddable":true,"href":"https:\/\/hormigaradio.com\/index.php?rest_route=%2Fwp%2Fv2%2Ftags&post=22942"}],"curies":[{"name":"wp","href":"https:\/\/api.w.org\/{rel}","templated":true}]}}