{"id":22946,"date":"2025-03-18T02:29:45","date_gmt":"2025-03-18T02:29:45","guid":{"rendered":"https:\/\/hormigaradio.com\/?p=22946"},"modified":"2025-03-18T02:31:36","modified_gmt":"2025-03-18T02:31:36","slug":"asociacion-cibao-presenta-calendario-de-actividades-para-la-semana-economica-y-financiera-del-bcrd","status":"publish","type":"post","link":"https:\/\/hormigaradio.com\/?p=22946","title":{"rendered":"ASOCIACI\u00d3N CIBAO PRESENTA CALENDARIO DE ACTIVIDADES PARA LA SEMANA ECON\u00d3MICA Y FINANCIERA DEL BCRD"},"content":{"rendered":"<p dir=\"ltr\"><img loading=\"lazy\" class=\"alignnone wp-image-15152\" src=\"http:\/\/hormigaradio.com\/wp-content\/uploads\/2022\/01\/FIRMA-para-Hormiga-Radio-300x158.jpeg\" alt=\"\" width=\"80\" height=\"42\" \/><\/p>\n<p dir=\"ltr\">La Asociaci\u00f3n Cibao de Ahorros y Pr\u00e9stamos participar\u00e1 en la Semana Econ\u00f3mica y Financiera (SEF) que organiza el Banco Central de la Rep\u00fablica Dominicana (BCRD), del\u00a017 al 21 de marzo de 2025, con actividades para ni\u00f1os y j\u00f3venes de diferentes edades.<\/p>\n<p dir=\"ltr\">Yara Hern\u00e1ndez, vicepresidenta de Comunicaciones y Sostenibilidad, dijo al comunicar el prop\u00f3sito que \u201cen la Asociaci\u00f3n Cibao, estamos comprometidos con la educaci\u00f3n financiera y creemos en la importancia de dotar a los j\u00f3venes de herramientas que les ayuden a tomar decisiones responsables sobre su dinero\u201d.<\/p>\n<figure id=\"attachment_22950\" aria-describedby=\"caption-attachment-22950\" style=\"width: 715px\" class=\"wp-caption aligncenter\"><img loading=\"lazy\" class=\"wp-image-22950 size-large\" src=\"http:\/\/hormigaradio.com\/wp-content\/uploads\/2025\/03\/Diego-Sosa-durante-una-de-sus-charlas-de-educacio\u0301n-financiera-1024x683.jpg\" alt=\"\" width=\"715\" height=\"477\" srcset=\"https:\/\/hormigaradio.com\/wp-content\/uploads\/2025\/03\/Diego-Sosa-durante-una-de-sus-charlas-de-educacio\u0301n-financiera-1024x683.jpg 1024w, https:\/\/hormigaradio.com\/wp-content\/uploads\/2025\/03\/Diego-Sosa-durante-una-de-sus-charlas-de-educacio\u0301n-financiera-300x200.jpg 300w, https:\/\/hormigaradio.com\/wp-content\/uploads\/2025\/03\/Diego-Sosa-durante-una-de-sus-charlas-de-educacio\u0301n-financiera-768x512.jpg 768w, https:\/\/hormigaradio.com\/wp-content\/uploads\/2025\/03\/Diego-Sosa-durante-una-de-sus-charlas-de-educacio\u0301n-financiera.jpg 1215w\" sizes=\"(max-width: 715px) 100vw, 715px\" \/><figcaption id=\"caption-attachment-22950\" class=\"wp-caption-text\"><em>Diego Sosa, durante una de sus charlas de educacio\u0301n financiera.<\/em><\/figcaption><\/figure>\n<p dir=\"ltr\">En esta edici\u00f3n la SEF busca fortalecer la capacidad de los j\u00f3venes para identificar informaci\u00f3n financiera confiable en un entorno cada vez m\u00e1s digitalizado e influenciado por la inteligencia artificial.<\/p>\n<p dir=\"ltr\">En ese sentido, la entidad mutualista presentar\u00e1 charlas educativas alineadas, en Santiago y Santo Domingo, con sus Cuadernillos de Educaci\u00f3n Financiera Infantil y Juvenil, abordando temas como la administraci\u00f3n del dinero, los productos y delitos financieros, y la importancia de una relaci\u00f3n sana con el dinero.<\/p>\n<p dir=\"ltr\">Entre los contenidos m\u00e1s relevantes de la Asociaci\u00f3n Cibao est\u00e1n la conferencia \u201cDesarrolla tus habilidades financieras\u201d con Diego Sosa, que se impartir\u00e1 el lunes 17 el sal\u00f3n Am\u00e9rico Lugo y viernes 21 de marzo en la sala Salom\u00e9 Ure\u00f1a, en Santo Domingo; y \u201cEl uso responsable del dinero\u201d con L\u00eda Vargas, programada para el mi\u00e9rcoles 19 en la Terraza del Banco Central en Santiago.<\/p>\n<p dir=\"ltr\">Asimismo, ofrecer\u00e1 la charla \u201cS\u00e9 sabio al utilizar tu dinero\u201d, tambi\u00e9n a cargo de L\u00eda Vargas, el jueves 20 de marzo en el multiusos del BC en Santiago, enfocada en ni\u00f1os de 6 a 10 a\u00f1os de edad. Estas actividades buscan promover la toma de decisiones informadas y el desarrollo de habilidades financieras que permitan a los j\u00f3venes gestionar sus recursos de manera efectiva en el futuro.<\/p>\n<p dir=\"ltr\">Con su participaci\u00f3n en la SEF 2025, la Asociaci\u00f3n Cibao reafirma su compromiso con la educaci\u00f3n financiera en el pa\u00eds, contribuyendo al fortalecimiento del conocimiento y los valores necesarios para la estabilidad econ\u00f3mica de las nuevas generaciones, aline\u00e1ndose con la Estrategia Nacional de Inclusi\u00f3n Financiera (ENIF) del BCRD, impulsando un mayor acceso y comprensi\u00f3n de los servicios financieros en la Rep\u00fablica Dominicana.<\/p>\n<p>Impactos: 34<\/p>","protected":false},"excerpt":{"rendered":"<p>La Asociaci\u00f3n Cibao de Ahorros y Pr\u00e9stamos participar\u00e1 en la Semana Econ\u00f3mica y Financiera (SEF) que organiza el Banco Central de la Rep\u00fablica Dominicana<\/p>\n","protected":false},"author":3,"featured_media":22947,"comment_status":"closed","ping_status":"closed","sticky":false,"template":"","format":"standard","meta":[],"categories":[3],"tags":[],"_links":{"self":[{"href":"https:\/\/hormigaradio.com\/index.php?rest_route=\/wp\/v2\/posts\/22946"}],"collection":[{"href":"https:\/\/hormigaradio.com\/index.php?rest_route=\/wp\/v2\/posts"}],"about":[{"href":"https:\/\/hormigaradio.com\/index.php?rest_route=\/wp\/v2\/types\/post"}],"author":[{"embeddable":true,"href":"https:\/\/hormigaradio.com\/index.php?rest_route=\/wp\/v2\/users\/3"}],"replies":[{"embeddable":true,"href":"https:\/\/hormigaradio.com\/index.php?rest_route=%2Fwp%2Fv2%2Fcomments&post=22946"}],"version-history":[{"count":3,"href":"https:\/\/hormigaradio.com\/index.php?rest_route=\/wp\/v2\/posts\/22946\/revisions"}],"predecessor-version":[{"id":22951,"href":"https:\/\/hormigaradio.com\/index.php?rest_route=\/wp\/v2\/posts\/22946\/revisions\/22951"}],"wp:featuredmedia":[{"embeddable":true,"href":"https:\/\/hormigaradio.com\/index.php?rest_route=\/wp\/v2\/media\/22947"}],"wp:attachment":[{"href":"https:\/\/hormigaradio.com\/index.php?rest_route=%2Fwp%2Fv2%2Fmedia&parent=22946"}],"wp:term":[{"taxonomy":"category","embeddable":true,"href":"https:\/\/hormigaradio.com\/index.php?rest_route=%2Fwp%2Fv2%2Fcategories&post=22946"},{"taxonomy":"post_tag","embeddable":true,"href":"https:\/\/hormigaradio.com\/index.php?rest_route=%2Fwp%2Fv2%2Ftags&post=22946"}],"curies":[{"name":"wp","href":"https:\/\/api.w.org\/{rel}","templated":true}]}}