{"id":22970,"date":"2025-03-21T02:00:39","date_gmt":"2025-03-21T02:00:39","guid":{"rendered":"https:\/\/hormigaradio.com\/?p=22970"},"modified":"2025-03-21T02:00:39","modified_gmt":"2025-03-21T02:00:39","slug":"condenado-a-20-anos-de-prision-por-la-muerte-del-folclorista-vitico-erarte","status":"publish","type":"post","link":"https:\/\/hormigaradio.com\/?p=22970","title":{"rendered":"CONDENADO A 20 A\u00d1OS DE PRISI\u00d3N POR LA MUERTE DEL FOLCLORISTA VITICO ERARTE"},"content":{"rendered":"<p>Por\u00a0<span class=\"name font-600\"><a title=\"M\u00e1ximo Laureano\" href=\"https:\/\/acento.com.do\/autor\/mlaureano.html\">M\u00e1ximo Laureano<\/a><\/span><\/p>\n<p>Una condena de 20 a\u00f1os de prisi\u00f3n decidi\u00f3 hoy el Tercer Tribunal Colegiado del distrito judicial de Santiago contra Yakime Michel (Yunior), acusado de matar al folclorista V\u00edctor Daniel Erarte el 30 de octubre del 2022 en Santiago de los Caballeros.<\/p>\n<p>Yakime Michel, de nacionalidad haitiana, fue declarado culpable de homicidio voluntario de Erarte, a quien habr\u00eda ataco en su residencia, seg\u00fan los resultados de la investigaci\u00f3n de la Fiscal\u00eda local.<\/p>\n<p><iframe loading=\"lazy\" title=\"Condenado a 20 a\u00f1os de prisi\u00f3n por la muerte del folclorista Vitico Erarte\" src=\"https:\/\/player.vimeo.com\/video\/1067949379?title=0&amp;amp;byline=0\" width=\"800\" height=\"1000\" frameborder=\"0\" data-mce-fragment=\"1\"><\/iframe><\/p>\n<p>Seg\u00fan ponder\u00f3 el Ministerio P\u00fablico, en las valoraciones los jueces sostuvieron que las pruebas aportadas fueron contundentes y estrechamente relacionadas con el hecho, por lo que la decisi\u00f3n fue un\u00e1nime.<\/p>\n<p>El tribunal tambi\u00e9n destac\u00f3 la incidencia de las pruebas audiovisuales, testimoniales y periciales presentadas en las audiencias, abund\u00f3 el Ministerio P\u00fablico.<\/p>\n<p>Victor Erarte fue hallado muerto en su residencia de la calle Aquiles Ram\u00edrez, de los Jardines Metropolitanos y el informe de la autopsia a cargo del Instituto Nacional de Ciencias Forenses (Inacif) determin\u00f3 que el artista falleci\u00f3 por asfixia mec\u00e1nica (estrangulaci\u00f3n manual).<\/p>\n<div class=\"banner-box\"><\/div>\n<p>La investigaci\u00f3n del Ministerio P\u00fablico concluy\u00f3 en que Yakime Michel acompa\u00f1\u00f3 ese d\u00eda al artista desde el mercado a su residencia, donde perpetr\u00f3 el hecho.<\/p>\n<p>El abogado de la parte acusadora, Jordy Veras, dijo que el seguimiento logrado por el sistema de c\u00e1maras instalado en la ciudad fue clave para la decisi\u00f3n judicial.<\/p>\n<p>\u201cUn poco m\u00e1s aliviado y espero que mi familia tambi\u00e9n, porque se ha hecho justicia\u201d, dijo V\u00edctor Andr\u00e9s Erarte, hermano de la v\u00edctima.<\/p>\n<p>El v\u00ednculo entre el Erarte y Yakime Michel habr\u00eda iniciado en el mercado del Hospedaje Yaque, donde el artista acudi\u00f3 para hacer una compra.<\/p>\n<p>Los investigadores del Ministerio P\u00fablico establecieron que el joven acompa\u00f1\u00f3 a Erarte a su casa para ayudarle y cobrar el trabajo y que una vez all\u00ed se habr\u00eda originado una discusi\u00f3n entre ambos que termin\u00f3 con la muerte del gestor cultural santiaguero.<\/p>\n<div class=\"related-news\"><\/div>\n<p>Impactos: 22<\/p>","protected":false},"excerpt":{"rendered":"<p>Por\u00a0M\u00e1ximo Laureano Una condena de 20 a\u00f1os de prisi\u00f3n decidi\u00f3 hoy el Tercer Tribunal Colegiado del distrito judicial de Santiago contra Yakime Michel (Yunior),<\/p>\n","protected":false},"author":3,"featured_media":22971,"comment_status":"closed","ping_status":"closed","sticky":false,"template":"","format":"standard","meta":[],"categories":[3],"tags":[],"_links":{"self":[{"href":"https:\/\/hormigaradio.com\/index.php?rest_route=\/wp\/v2\/posts\/22970"}],"collection":[{"href":"https:\/\/hormigaradio.com\/index.php?rest_route=\/wp\/v2\/posts"}],"about":[{"href":"https:\/\/hormigaradio.com\/index.php?rest_route=\/wp\/v2\/types\/post"}],"author":[{"embeddable":true,"href":"https:\/\/hormigaradio.com\/index.php?rest_route=\/wp\/v2\/users\/3"}],"replies":[{"embeddable":true,"href":"https:\/\/hormigaradio.com\/index.php?rest_route=%2Fwp%2Fv2%2Fcomments&post=22970"}],"version-history":[{"count":1,"href":"https:\/\/hormigaradio.com\/index.php?rest_route=\/wp\/v2\/posts\/22970\/revisions"}],"predecessor-version":[{"id":22972,"href":"https:\/\/hormigaradio.com\/index.php?rest_route=\/wp\/v2\/posts\/22970\/revisions\/22972"}],"wp:featuredmedia":[{"embeddable":true,"href":"https:\/\/hormigaradio.com\/index.php?rest_route=\/wp\/v2\/media\/22971"}],"wp:attachment":[{"href":"https:\/\/hormigaradio.com\/index.php?rest_route=%2Fwp%2Fv2%2Fmedia&parent=22970"}],"wp:term":[{"taxonomy":"category","embeddable":true,"href":"https:\/\/hormigaradio.com\/index.php?rest_route=%2Fwp%2Fv2%2Fcategories&post=22970"},{"taxonomy":"post_tag","embeddable":true,"href":"https:\/\/hormigaradio.com\/index.php?rest_route=%2Fwp%2Fv2%2Ftags&post=22970"}],"curies":[{"name":"wp","href":"https:\/\/api.w.org\/{rel}","templated":true}]}}