{"id":22973,"date":"2025-03-21T02:12:49","date_gmt":"2025-03-21T02:12:49","guid":{"rendered":"https:\/\/hormigaradio.com\/?p=22973"},"modified":"2025-03-21T02:15:55","modified_gmt":"2025-03-21T02:15:55","slug":"pld-madruga-con-inscripcion-precanditura-presidencial-javier-garcia","status":"publish","type":"post","link":"https:\/\/hormigaradio.com\/?p=22973","title":{"rendered":"PLD MADRUGA CON INSCRIPCI\u00d3N PRECANDITURA PRESIDENCIAL  JAVIER GARC\u00cdA"},"content":{"rendered":"<p><img loading=\"lazy\" class=\"alignnone wp-image-15152\" src=\"http:\/\/hormigaradio.com\/wp-content\/uploads\/2022\/01\/FIRMA-para-Hormiga-Radio-300x158.jpeg\" alt=\"\" width=\"80\" height=\"42\" \/><\/p>\n<p>El dirigente peledeista Francisco Javier Garc\u00eda inscribi\u00f3 esta tarde su precandidatura presidencial en el Partido de la Liberaci\u00f3n Dominicana (PLD), cuya organizaci\u00f3n inici\u00f3 este jueves su proceso interno.<\/p>\n<p>La Comisi\u00f3n de Arbitraje y Unidad del partido recibi\u00f3 la documentaci\u00f3n presentada por Francisco Javier Garc\u00eda, quien luego ofreci\u00f3 declaraciones reafirmando su compromiso de continuar buscando apoyo dentro de la organizaci\u00f3n, siempre en un marco de respeto hacia los dem\u00e1s postulantes.<\/p>\n<p>Durante su discurso, Garc\u00eda hizo un llamado a la militancia a trabajar para recuperar la alegr\u00eda y la esperanza del pueblo dominicano.<\/p>\n<p>\u201cHay quienes en el partido de gobierno sue\u00f1an con seguir gobernando m\u00e1s all\u00e1 del 2028, pero esos sue\u00f1os se han convertido en una pesadilla para el pueblo dominicano. Una pesadilla que cada ciudadano ve reflejada en la situaci\u00f3n actual del pa\u00eds\u201d, afirm\u00f3.<\/p>\n<p>Asimismo, destac\u00f3 que durante la gesti\u00f3n del PLD los servicios p\u00fablicos funcionaban mejor.<\/p>\n<p>\u201cDejamos un servicio el\u00e9ctrico con luz 24 horas, hoy hay apagones diarios. Dejamos el 911 operando como un sistema de un pa\u00eds desarrollado, hoy pr\u00e1cticamente no sirve para nada. Por eso le digo al que se enferme: si puede llamar un taxi, h\u00e1galo; si un vecino lo puede llevar al m\u00e9dico, h\u00e1galo. Son incontables las vidas que se han perdido por el mal servicio\u201d, expres\u00f3.<\/p>\n<p>Tambi\u00e9n critic\u00f3 la situaci\u00f3n del sistema educativo, al que calific\u00f3 como un desastre, y lament\u00f3 el deterioro de los hospitales p\u00fablicos. \u201cEl alto costo de la vida est\u00e1 fuera de control y la deuda externa ha alcanzado cifras inimaginables. Sin embargo, el PRM, el partido de gobierno, sigue sin escr\u00fapulos\u201d, agreg\u00f3.<\/p>\n<p>Por su parte, Lidio Cadet, representante de la Comisi\u00f3n de Arbitraje del PLD, aclar\u00f3 que esta preinscripci\u00f3n no viola ninguna disposici\u00f3n de la Junta Central Electoral y asegur\u00f3 que el partido debe visibilizar a sus futuros nominados en un escenario donde el gobierno mantiene una fuerte presencia en todos los \u00e1mbitos<\/p>\n<p>Impactos: 39<\/p>","protected":false},"excerpt":{"rendered":"<p>El dirigente peledeista Francisco Javier Garc\u00eda inscribi\u00f3 esta tarde su precandidatura presidencial en el Partido de la Liberaci\u00f3n Dominicana (PLD), cuya organizaci\u00f3n inici\u00f3 este<\/p>\n","protected":false},"author":3,"featured_media":22975,"comment_status":"closed","ping_status":"closed","sticky":false,"template":"","format":"standard","meta":[],"categories":[6],"tags":[],"_links":{"self":[{"href":"https:\/\/hormigaradio.com\/index.php?rest_route=\/wp\/v2\/posts\/22973"}],"collection":[{"href":"https:\/\/hormigaradio.com\/index.php?rest_route=\/wp\/v2\/posts"}],"about":[{"href":"https:\/\/hormigaradio.com\/index.php?rest_route=\/wp\/v2\/types\/post"}],"author":[{"embeddable":true,"href":"https:\/\/hormigaradio.com\/index.php?rest_route=\/wp\/v2\/users\/3"}],"replies":[{"embeddable":true,"href":"https:\/\/hormigaradio.com\/index.php?rest_route=%2Fwp%2Fv2%2Fcomments&post=22973"}],"version-history":[{"count":1,"href":"https:\/\/hormigaradio.com\/index.php?rest_route=\/wp\/v2\/posts\/22973\/revisions"}],"predecessor-version":[{"id":22974,"href":"https:\/\/hormigaradio.com\/index.php?rest_route=\/wp\/v2\/posts\/22973\/revisions\/22974"}],"wp:featuredmedia":[{"embeddable":true,"href":"https:\/\/hormigaradio.com\/index.php?rest_route=\/wp\/v2\/media\/22975"}],"wp:attachment":[{"href":"https:\/\/hormigaradio.com\/index.php?rest_route=%2Fwp%2Fv2%2Fmedia&parent=22973"}],"wp:term":[{"taxonomy":"category","embeddable":true,"href":"https:\/\/hormigaradio.com\/index.php?rest_route=%2Fwp%2Fv2%2Fcategories&post=22973"},{"taxonomy":"post_tag","embeddable":true,"href":"https:\/\/hormigaradio.com\/index.php?rest_route=%2Fwp%2Fv2%2Ftags&post=22973"}],"curies":[{"name":"wp","href":"https:\/\/api.w.org\/{rel}","templated":true}]}}