{"id":22985,"date":"2025-03-23T00:10:17","date_gmt":"2025-03-23T00:10:17","guid":{"rendered":"https:\/\/hormigaradio.com\/?p=22985"},"modified":"2025-03-23T00:10:17","modified_gmt":"2025-03-23T00:10:17","slug":"imponen-coercion-a-un-hombre-acusado-de-feminicidio","status":"publish","type":"post","link":"https:\/\/hormigaradio.com\/?p=22985","title":{"rendered":"IMPONEN COERCI\u00d3N A UN HOMBRE ACUSADO DE FEMINICIDIO"},"content":{"rendered":"<p>Por\u00a0<span class=\"name font-600\"><a title=\"M\u00e1ximo Laureano\" href=\"https:\/\/acento.com.do\/autor\/mlaureano.html\">M\u00e1ximo Laureano<\/a><\/span><\/p>\n<p>Un juez del departamento de Atenci\u00f3n Permanente del distrito judicial de Santiago orden\u00f3 prisi\u00f3n preventiva de tres meses contra Ernesto Winfry Jim\u00e9nez Paulino (El Mello), acusado de matar a Luz Clarita Castro Quijada, su expareja.<\/p>\n<p>Jim\u00e9nez Paulino, atac\u00f3 a la joven Castro Quijada con una \u201carma blanca\u201d, en una calle del sector Pueblo Nuevo, en el centro urbano de Santiago de los Caballeros.<\/p>\n<p>La acci\u00f3n de El Mello, qued\u00f3 grabada por personas que subieron las im\u00e1genes a las redes sociales.<\/p>\n<p>La medida de coerci\u00f3n en contra de El Mello se conoci\u00f3 en paralelo con manifestaciones de familiares y allegados de la mujer asesinada, quienes clamaban con carteles en mano: \u201c\u00a1no m\u00e1s violencia\u201d.<\/p>\n<section id=\"newsletter\">\n<header class=\"newsletter__header\"><\/header>\n<p class=\"newsletter__disclaimer\">\u201cYo lo que quiero es justicia, no 30 a\u00f1os, sino 40 a\u00f1os, le quitaron la vida a mi hermana\u201d, dijo Sterlyn Castro.<\/p>\n<\/section>\n<p>Impactos: 23<\/p>","protected":false},"excerpt":{"rendered":"<p>Por\u00a0M\u00e1ximo Laureano Un juez del departamento de Atenci\u00f3n Permanente del distrito judicial de Santiago orden\u00f3 prisi\u00f3n preventiva de tres meses contra Ernesto Winfry Jim\u00e9nez<\/p>\n","protected":false},"author":3,"featured_media":22765,"comment_status":"closed","ping_status":"closed","sticky":false,"template":"","format":"standard","meta":[],"categories":[3],"tags":[],"_links":{"self":[{"href":"https:\/\/hormigaradio.com\/index.php?rest_route=\/wp\/v2\/posts\/22985"}],"collection":[{"href":"https:\/\/hormigaradio.com\/index.php?rest_route=\/wp\/v2\/posts"}],"about":[{"href":"https:\/\/hormigaradio.com\/index.php?rest_route=\/wp\/v2\/types\/post"}],"author":[{"embeddable":true,"href":"https:\/\/hormigaradio.com\/index.php?rest_route=\/wp\/v2\/users\/3"}],"replies":[{"embeddable":true,"href":"https:\/\/hormigaradio.com\/index.php?rest_route=%2Fwp%2Fv2%2Fcomments&post=22985"}],"version-history":[{"count":1,"href":"https:\/\/hormigaradio.com\/index.php?rest_route=\/wp\/v2\/posts\/22985\/revisions"}],"predecessor-version":[{"id":22986,"href":"https:\/\/hormigaradio.com\/index.php?rest_route=\/wp\/v2\/posts\/22985\/revisions\/22986"}],"wp:featuredmedia":[{"embeddable":true,"href":"https:\/\/hormigaradio.com\/index.php?rest_route=\/wp\/v2\/media\/22765"}],"wp:attachment":[{"href":"https:\/\/hormigaradio.com\/index.php?rest_route=%2Fwp%2Fv2%2Fmedia&parent=22985"}],"wp:term":[{"taxonomy":"category","embeddable":true,"href":"https:\/\/hormigaradio.com\/index.php?rest_route=%2Fwp%2Fv2%2Fcategories&post=22985"},{"taxonomy":"post_tag","embeddable":true,"href":"https:\/\/hormigaradio.com\/index.php?rest_route=%2Fwp%2Fv2%2Ftags&post=22985"}],"curies":[{"name":"wp","href":"https:\/\/api.w.org\/{rel}","templated":true}]}}