{"id":22987,"date":"2025-03-23T14:18:23","date_gmt":"2025-03-23T14:18:23","guid":{"rendered":"https:\/\/hormigaradio.com\/?p=22987"},"modified":"2025-03-23T14:18:39","modified_gmt":"2025-03-23T14:18:39","slug":"investigan-muerte-una-joven-venezolana-baleada-mientras-conducia-vehiculo-las-charcas-santiago","status":"publish","type":"post","link":"https:\/\/hormigaradio.com\/?p=22987","title":{"rendered":"INVESTIGAN MUERTE UNA JOVEN VENEZOLANA BALEADA MIENTRAS CONDUC\u00cdA VEH\u00cdCULO LAS CHARCAS, SANTIAGO"},"content":{"rendered":"<p>Por\u00a0<span class=\"name font-600\"><a title=\"M\u00e1ximo Laureano\" href=\"https:\/\/acento.com.do\/autor\/mlaureano.html\">M\u00e1ximo Laureano<\/a><\/span><\/p>\n<p>Las autoridades policiales y el Ministerio P\u00fablico notificaron que investigan lo relacionado el caso de una mujer de nacionalidad venezolana, fallecida tras ser baleada mientras conduc\u00eda un veh\u00edculo en la carretera Las Charcas, al suroeste del centro urbano de Santiago.<\/p>\n<p>La mujer v\u00edctima del tiroteo fue identificada como Mar\u00eda Issamal Villasmil, quien falleci\u00f3 mientras era asistida en un centro de salud de administraci\u00f3n privada en Santiago de los Caballeros.<\/p>\n<p>En la balacera result\u00f3 con heridas de balas Denny Jos\u00e9 Caraballo Calder\u00f3n, que acompa\u00f1aba a la joven fallecida.<\/p>\n<p>Caraballo Calder\u00f3n habr\u00eda sido detenido por las autoridades policiales para fines de investigaci\u00f3n.<\/p>\n<section id=\"newsletter\">\n<header class=\"newsletter__header\"><\/header>\n<p class=\"newsletter__disclaimer\">\u201cEl ataque ocurri\u00f3 cuando un individuo, a\u00fan no identificado, intercept\u00f3 el veh\u00edculo en el que se trasladaban y dispar\u00f3 sin mediar palabras. En el lugar, la Polic\u00eda Cient\u00edfica recolect\u00f3 once casquillos de bala calibre 9mm y tom\u00f3 bajo custodia el autom\u00f3vil Mercedes-Benz, modelo E300, color negro, en el que viajaban las v\u00edctimas\u201d, se lee en una nota oficial de la Polic\u00eda en Santiago.<\/p>\n<\/section>\n<p>Las autoridades tambi\u00e9n han informado que quien dispar\u00f3 a la pareja no sustrajo ninguna pertenencia a las v\u00edctimas.<\/p>\n<p>Impactos: 65<\/p>","protected":false},"excerpt":{"rendered":"<p>Por\u00a0M\u00e1ximo Laureano Las autoridades policiales y el Ministerio P\u00fablico notificaron que investigan lo relacionado el caso de una mujer de nacionalidad venezolana, fallecida tras<\/p>\n","protected":false},"author":3,"featured_media":13417,"comment_status":"closed","ping_status":"closed","sticky":false,"template":"","format":"standard","meta":[],"categories":[3],"tags":[],"_links":{"self":[{"href":"https:\/\/hormigaradio.com\/index.php?rest_route=\/wp\/v2\/posts\/22987"}],"collection":[{"href":"https:\/\/hormigaradio.com\/index.php?rest_route=\/wp\/v2\/posts"}],"about":[{"href":"https:\/\/hormigaradio.com\/index.php?rest_route=\/wp\/v2\/types\/post"}],"author":[{"embeddable":true,"href":"https:\/\/hormigaradio.com\/index.php?rest_route=\/wp\/v2\/users\/3"}],"replies":[{"embeddable":true,"href":"https:\/\/hormigaradio.com\/index.php?rest_route=%2Fwp%2Fv2%2Fcomments&post=22987"}],"version-history":[{"count":1,"href":"https:\/\/hormigaradio.com\/index.php?rest_route=\/wp\/v2\/posts\/22987\/revisions"}],"predecessor-version":[{"id":22988,"href":"https:\/\/hormigaradio.com\/index.php?rest_route=\/wp\/v2\/posts\/22987\/revisions\/22988"}],"wp:featuredmedia":[{"embeddable":true,"href":"https:\/\/hormigaradio.com\/index.php?rest_route=\/wp\/v2\/media\/13417"}],"wp:attachment":[{"href":"https:\/\/hormigaradio.com\/index.php?rest_route=%2Fwp%2Fv2%2Fmedia&parent=22987"}],"wp:term":[{"taxonomy":"category","embeddable":true,"href":"https:\/\/hormigaradio.com\/index.php?rest_route=%2Fwp%2Fv2%2Fcategories&post=22987"},{"taxonomy":"post_tag","embeddable":true,"href":"https:\/\/hormigaradio.com\/index.php?rest_route=%2Fwp%2Fv2%2Ftags&post=22987"}],"curies":[{"name":"wp","href":"https:\/\/api.w.org\/{rel}","templated":true}]}}