{"id":23052,"date":"2025-04-06T13:25:37","date_gmt":"2025-04-06T13:25:37","guid":{"rendered":"https:\/\/hormigaradio.com\/?p=23052"},"modified":"2025-04-06T13:29:10","modified_gmt":"2025-04-06T13:29:10","slug":"rosa-santos-encabeza-sesion-el-gobierno-en-las-provincias","status":"publish","type":"post","link":"https:\/\/hormigaradio.com\/?p=23052","title":{"rendered":"ROSA SANTOS ENCABEZA SESI\u00d3N &#8220;EL GOBIERNO EN LAS PROVINCIAS&#8221;"},"content":{"rendered":"<p><img loading=\"lazy\" class=\"alignnone wp-image-15152\" src=\"http:\/\/hormigaradio.com\/wp-content\/uploads\/2022\/01\/FIRMA-para-Hormiga-Radio-300x158.jpeg\" alt=\"\" width=\"80\" height=\"42\" \/><\/p>\n<p>La gobernaci\u00f3n provincial fue el escenario donde se llev\u00f3 a cabo la jornada que encabez\u00f3 Andr\u00e9s Bautista, ministro administrativo de la Presidencia; junto a Rosa Santos, gobernadora provincial, representantes de las c\u00e1maras legislativas, alcaldes, directores provinciales y miembros de los organismos de seguridad y socorro, l\u00edderes empresariales y comunitarios, donde se presentaron avances de la gesti\u00f3n de Gobierno, as\u00ed como los proyectos en ejecuci\u00f3n y por realizar.<\/p>\n<p>\u201cEl Gobierno en las Provincias&#8221;, tiene como objetivo principal fortalecer el v\u00ednculo entre el Gobierno y la comunidad, as\u00ed como priorizar y acelerar la ejecuci\u00f3n de pol\u00edticas p\u00fablicas adaptadas a las necesidades locales.<\/p>\n<p>Durante su intervenci\u00f3n, el ministro Bautista, resalt\u00f3 que \u201ceste encuentro es precisamente que hablemos del presente y de cara al futuro\u201d, destacando la importancia de estos espacios para evaluar, analizar y dar seguimiento a las obras y proyectos en ejecuci\u00f3n.<\/p>\n<p>Bautista Indic\u00f3 que cuando se habla de desarrollo y de gobernanza, se debe tener la conciencia de que todos deben participar. Tambi\u00e9n expres\u00f3 que \u201clos gobiernos y los pol\u00edticos van y vienen\u2026 pero los problemas de la sociedad y la sociedad misma tienen que caminar siempre hacia el futuro\u201d.<\/p>\n<p>Asimismo, reiter\u00f3 que \u201cel objetivo y la misi\u00f3n es fortalecer el v\u00ednculo entre el Gobierno y la comunidad a trav\u00e9s de los acercamientos que permitan conocer y comprender la realidad y los principales desaf\u00edos de cada territorio para acelerar la implementaci\u00f3n y el seguimiento a las pol\u00edticas p\u00fablicas inclusivas y adaptadas a la visi\u00f3n de desarrollo y las necesidades locales, que es lo que el presidente Abinader plantea\u201d.<\/p>\n<p>Mientras que, la gobernadora Rosa Santos, indic\u00f3 que esta actividad representa el tercer encuentro que se realiza en la gobernaci\u00f3n de Santiago enfocado en las prioridades provinciales. \u201cEstamos aqu\u00ed para conocer cu\u00e1les son las prioridades de manera general que tiene nuestro gobierno y c\u00f3mo podemos aportar para lograr esa prioridad\u201d, afirm\u00f3.<\/p>\n<p>Santos enfatiz\u00f3 la importancia de trabajar en conjunto: \u201cEl presidente tiene que trabajar en conjunto con las diferentes organizaciones y entidades que tenemos a nivel nacional para que el trabajo se pueda alcanzar\u201d. Asimismo, resalt\u00f3 los aspectos prioritarios en Santiago como las infraestructuras, salud, educaci\u00f3n, electricidad, agua potable y saneamiento.<\/p>\n<p>Estos encuentros buscan facilitar di\u00e1logos transparentes y sinceros con actores claves de la provincia, apoyando desde el m\u00e1s alto nivel las acciones territoriales para cumplir con las expectativas de la poblaci\u00f3n.<\/p>\n<p><strong>Presentaci\u00f3n de avances.<\/strong><\/p>\n<p>Posteriormente las instituciones gubernamentales representadas por sus incumbentes provinciales presentaron avances significativos del Gobierno, al tiempo que indicaron sobre proyectos que se ejecutan actualmente, como el caso de obras viales, infraestructuras, salud, educaci\u00f3n, planes sociales, agua potable y saneamiento, electricidad, medio ambiente, agricultura, seguridad ciudadana, migraci\u00f3n, hidroel\u00e9ctricas entre otros, con el objetivo de identificarla y priorizar su ejecuci\u00f3n.<\/p>\n<p>En el encuentro, acompa\u00f1aron al ministro administrativo de la Presidencia y a la gobernadora provincial, Daniel Rivera, Senador; Ulises Rodr\u00edguez, Alcalde; diputados, as\u00ed como otros alcaldes, directores provinciales de las instituciones gubernamentales, representantes de los organismos de seguridad ciudadana, del empresariado y dirigentes comunitarios.<\/p>\n<p>Estos encuentros buscan facilitar di\u00e1logos transparentes y sinceros con actores claves de la provincia, apoyando desde el m\u00e1s alto nivel las acciones territoriales para cumplir con las expectativas de la poblaci\u00f3n.<\/p>\n<p>Impactos: 33<\/p>","protected":false},"excerpt":{"rendered":"<p>La gobernaci\u00f3n provincial fue el escenario donde se llev\u00f3 a cabo la jornada que encabez\u00f3 Andr\u00e9s Bautista, ministro administrativo de la Presidencia; junto a<\/p>\n","protected":false},"author":3,"featured_media":23054,"comment_status":"closed","ping_status":"closed","sticky":false,"template":"","format":"standard","meta":[],"categories":[3],"tags":[],"_links":{"self":[{"href":"https:\/\/hormigaradio.com\/index.php?rest_route=\/wp\/v2\/posts\/23052"}],"collection":[{"href":"https:\/\/hormigaradio.com\/index.php?rest_route=\/wp\/v2\/posts"}],"about":[{"href":"https:\/\/hormigaradio.com\/index.php?rest_route=\/wp\/v2\/types\/post"}],"author":[{"embeddable":true,"href":"https:\/\/hormigaradio.com\/index.php?rest_route=\/wp\/v2\/users\/3"}],"replies":[{"embeddable":true,"href":"https:\/\/hormigaradio.com\/index.php?rest_route=%2Fwp%2Fv2%2Fcomments&post=23052"}],"version-history":[{"count":1,"href":"https:\/\/hormigaradio.com\/index.php?rest_route=\/wp\/v2\/posts\/23052\/revisions"}],"predecessor-version":[{"id":23053,"href":"https:\/\/hormigaradio.com\/index.php?rest_route=\/wp\/v2\/posts\/23052\/revisions\/23053"}],"wp:featuredmedia":[{"embeddable":true,"href":"https:\/\/hormigaradio.com\/index.php?rest_route=\/wp\/v2\/media\/23054"}],"wp:attachment":[{"href":"https:\/\/hormigaradio.com\/index.php?rest_route=%2Fwp%2Fv2%2Fmedia&parent=23052"}],"wp:term":[{"taxonomy":"category","embeddable":true,"href":"https:\/\/hormigaradio.com\/index.php?rest_route=%2Fwp%2Fv2%2Fcategories&post=23052"},{"taxonomy":"post_tag","embeddable":true,"href":"https:\/\/hormigaradio.com\/index.php?rest_route=%2Fwp%2Fv2%2Ftags&post=23052"}],"curies":[{"name":"wp","href":"https:\/\/api.w.org\/{rel}","templated":true}]}}