{"id":23055,"date":"2025-04-06T13:57:22","date_gmt":"2025-04-06T13:57:22","guid":{"rendered":"https:\/\/hormigaradio.com\/?p=23055"},"modified":"2025-04-06T14:01:06","modified_gmt":"2025-04-06T14:01:06","slug":"presidente-encabeza-siembra-de-3-mil-200-plantas-enmedima-en-sajoma","status":"publish","type":"post","link":"https:\/\/hormigaradio.com\/?p=23055","title":{"rendered":"PRESIDENTE ENCABEZA SIEMBRA DE  3 MIL 200 PLANTAS ENM\u00c9DIMA EN SAJOMA"},"content":{"rendered":"<p><img loading=\"lazy\" class=\"alignnone wp-image-15152\" src=\"http:\/\/hormigaradio.com\/wp-content\/uploads\/2022\/01\/FIRMA-para-Hormiga-Radio-300x158.jpeg\" alt=\"\" width=\"80\" height=\"42\" \/><\/p>\n<p>El cuidado y preservaci\u00f3n del medioambiente contin\u00faa siendo prioridad para el gobierno del presidente Luis Abinader, que encabez\u00f3 junto a la primera dama, Raquel Arbaje, la siembra de 3,200 plantas end\u00e9micas para el reordenamiento de la cuenca del r\u00edo Yaque del Norte, principal almac\u00e9n de agua natural del pa\u00eds.<\/p>\n<p>Esta jornada de reforestaci\u00f3n forma parte del Plan Sierra, cuyas brigadas t\u00e9cnicas supervisan los trabajos para que en un periodo de dos a\u00f1os y medio el bosque pueda quedar restaurado.<\/p>\n<div style=\"width: 715px;\" class=\"wp-video\"><!--[if lt IE 9]><script>document.createElement('video');<\/script><![endif]-->\n<video class=\"wp-video-shortcode\" id=\"video-23055-1\" width=\"715\" height=\"403\" preload=\"metadata\" controls=\"controls\"><source type=\"video\/mp4\" src=\"http:\/\/hormigaradio.com\/wp-content\/uploads\/2025\/04\/WhatsApp-Video-2025-04-06-at-9.48.02-AM.mp4?_=1\" \/><a href=\"http:\/\/hormigaradio.com\/wp-content\/uploads\/2025\/04\/WhatsApp-Video-2025-04-06-at-9.48.02-AM.mp4\">http:\/\/hormigaradio.com\/wp-content\/uploads\/2025\/04\/WhatsApp-Video-2025-04-06-at-9.48.02-AM.mp4<\/a><\/video><\/div>\n<p>El titular de Medio Ambiente, Pa\u00edno Henr\u00edquez, dijo que esta es la fase final del Plan Nacional de Reforestaci\u00f3n que inici\u00f3 en 2023, cumpliendo las metas trazadas con la reforestaci\u00f3n de m\u00e1s de 310 mil tareas de tierra y la siembra de m\u00e1s de 16 millones de plantas, a la fecha.<\/p>\n<p>Los \u00e1rboles sembrados son Gina, Caoba Criolla, Cigua Prieta, Cedro, Mara, Oz\u00faa, Roble, Juan Primero, Caimon\u00ed y Pino Occidentalis que pueden almacenar hasta 9.9 millones de galones de agua por a\u00f1o evitando la erosi\u00f3n de unas 389 toneladas de suelo, inform\u00f3 Inmaculada Adames, vicepresidenta del Plan Sierra.<\/p>\n<p>Estudiantes voluntarios de distintas escuelas de la comunidad Los Montones en San Jos\u00e9 de las Matas acompa\u00f1aron al mandatario y la primera dama, formando parte del programa Ecoh\u00e9roes del ministerio de Medio Ambiente cuyo objetivo es crear una red nacional de personas de la sociedad civil, capacitarlos y convertirlos en guardianes de la naturaleza.<\/p>\n<p>Plan Nacional de Reforestaci\u00f3n.<\/p>\n<p><img loading=\"lazy\" class=\"alignright wp-image-23057 size-medium\" src=\"http:\/\/hormigaradio.com\/wp-content\/uploads\/2025\/04\/PRESI-SIEMBRA-205x300.jpg\" alt=\"\" width=\"205\" height=\"300\" srcset=\"https:\/\/hormigaradio.com\/wp-content\/uploads\/2025\/04\/PRESI-SIEMBRA-205x300.jpg 205w, https:\/\/hormigaradio.com\/wp-content\/uploads\/2025\/04\/PRESI-SIEMBRA-700x1024.jpg 700w, https:\/\/hormigaradio.com\/wp-content\/uploads\/2025\/04\/PRESI-SIEMBRA-768x1124.jpg 768w, https:\/\/hormigaradio.com\/wp-content\/uploads\/2025\/04\/PRESI-SIEMBRA-1050x1536.jpg 1050w, https:\/\/hormigaradio.com\/wp-content\/uploads\/2025\/04\/PRESI-SIEMBRA-1400x2048.jpg 1400w, https:\/\/hormigaradio.com\/wp-content\/uploads\/2025\/04\/PRESI-SIEMBRA-scaled.jpg 1750w\" sizes=\"(max-width: 205px) 100vw, 205px\" \/><\/p>\n<p>En 2023, el presidente Abinader declar\u00f3 el Plan Nacional de Reforestaci\u00f3n de seguridad nacional para el Gobierno, asegurando que todos los organismos gubernamentales estar\u00edan dedicados a defenderlo, protegerlo y apoyarlo. La meta trazada fue la reforestaci\u00f3n de 320,000 tareas de tierra en las 31 provincias del pa\u00eds, incluyendo zonas costeras.<\/p>\n<p><strong>Actividades en Sajoma.<\/strong><\/p>\n<p>La agenda del mandatario continu\u00f3 con su participaci\u00f3n en la proyecci\u00f3n de un video explicativo sobre el Santuario de las 3 Cruces.<\/p>\n<p>Juan Manuel Ure\u00f1a, present\u00f3 al presidente Abinader y sus invitados el proyecto Cerro Angola, una formaci\u00f3n monta\u00f1osa destacada en la comunidad de Mata Grande, dentro del municipio de San Jos\u00e9 de las Matas, provincia Santiago. Esta elevaci\u00f3n forma parte de la Cordillera Central y es reconocida por su exuberante vegetaci\u00f3n y biodiversidad con una extensi\u00f3n de 6,500 tareas de tierra con aspiraci\u00f3n de alcanzar las 10 mil.<\/p>\n<p>El espacio es un pulm\u00f3n ecol\u00f3gico, dise\u00f1ado por Manuel Arsenio Ure\u00f1a y Do\u00f1a Camelia que ofrece servicios ecol\u00f3gicos, tur\u00edsticos y religiosos, al tiempo de ser una fuente de ingreso para las familias que laboran all\u00ed.<\/p>\n<p>Tambi\u00e9n incluye un encuentro con comunitarios y autoridades de Sajoma y la entrega de cheques y reconocimiento por la protecci\u00f3n de los ambientes h\u00eddricos a varias entidades.<\/p>\n<p>El domingo el jefe de Estado sostendr\u00e1 un desayuno en el centro del Plan Sierra con miembros de la junta directiva e invitados y concluye con un encuentro con los miembros de la junta directiva del Plan Sierra y la Comisi\u00f3n Presidencial para el Ordenamiento y Manejo de la Cuenca del R\u00edo Yaque del Norte (CRYN).<\/p>\n<p>Impactos: 55<\/p>","protected":false},"excerpt":{"rendered":"<p>El cuidado y preservaci\u00f3n del medioambiente contin\u00faa siendo prioridad para el gobierno del presidente Luis Abinader, que encabez\u00f3 junto a la primera dama, Raquel<\/p>\n","protected":false},"author":3,"featured_media":23059,"comment_status":"closed","ping_status":"closed","sticky":false,"template":"","format":"standard","meta":[],"categories":[5],"tags":[],"_links":{"self":[{"href":"https:\/\/hormigaradio.com\/index.php?rest_route=\/wp\/v2\/posts\/23055"}],"collection":[{"href":"https:\/\/hormigaradio.com\/index.php?rest_route=\/wp\/v2\/posts"}],"about":[{"href":"https:\/\/hormigaradio.com\/index.php?rest_route=\/wp\/v2\/types\/post"}],"author":[{"embeddable":true,"href":"https:\/\/hormigaradio.com\/index.php?rest_route=\/wp\/v2\/users\/3"}],"replies":[{"embeddable":true,"href":"https:\/\/hormigaradio.com\/index.php?rest_route=%2Fwp%2Fv2%2Fcomments&post=23055"}],"version-history":[{"count":3,"href":"https:\/\/hormigaradio.com\/index.php?rest_route=\/wp\/v2\/posts\/23055\/revisions"}],"predecessor-version":[{"id":23061,"href":"https:\/\/hormigaradio.com\/index.php?rest_route=\/wp\/v2\/posts\/23055\/revisions\/23061"}],"wp:featuredmedia":[{"embeddable":true,"href":"https:\/\/hormigaradio.com\/index.php?rest_route=\/wp\/v2\/media\/23059"}],"wp:attachment":[{"href":"https:\/\/hormigaradio.com\/index.php?rest_route=%2Fwp%2Fv2%2Fmedia&parent=23055"}],"wp:term":[{"taxonomy":"category","embeddable":true,"href":"https:\/\/hormigaradio.com\/index.php?rest_route=%2Fwp%2Fv2%2Fcategories&post=23055"},{"taxonomy":"post_tag","embeddable":true,"href":"https:\/\/hormigaradio.com\/index.php?rest_route=%2Fwp%2Fv2%2Ftags&post=23055"}],"curies":[{"name":"wp","href":"https:\/\/api.w.org\/{rel}","templated":true}]}}