{"id":23062,"date":"2025-04-06T15:10:27","date_gmt":"2025-04-06T15:10:27","guid":{"rendered":"https:\/\/hormigaradio.com\/?p=23062"},"modified":"2025-04-06T15:13:18","modified_gmt":"2025-04-06T15:13:18","slug":"pn-aclara-madre-nino-perdido-en-jarabacoa-no-estas-presa","status":"publish","type":"post","link":"https:\/\/hormigaradio.com\/?p=23062","title":{"rendered":"PN ACLARA MADRE NI\u00d1O PERDIDO EN JARABACOA, NO EST\u00c1S PRESA"},"content":{"rendered":"<p><img loading=\"lazy\" class=\"alignnone wp-image-15152\" src=\"http:\/\/hormigaradio.com\/wp-content\/uploads\/2022\/01\/FIRMA-para-Hormiga-Radio-300x158.jpeg\" alt=\"\" width=\"80\" height=\"42\" \/><\/p>\n<p>La Polic\u00eda Nacional neg\u00f3 la tarde de hoy que la joven Carolina Vargas Ure\u00f1a, de 28 a\u00f1os, madre del ni\u00f1o Roldany Calder\u00f3n, de 3, desaparecido desde el pasado domingo, haya sido detenida como parte de las m\u00faltiples diligencias investigativas desplegadas para dar respuesta al caso.<\/p>\n<div style=\"width: 715px;\" class=\"wp-video\"><!--[if lt IE 9]><script>document.createElement('video');<\/script><![endif]-->\n<video class=\"wp-video-shortcode\" id=\"video-23062-1\" width=\"715\" height=\"405\" preload=\"metadata\" controls=\"controls\"><source type=\"video\/mp4\" src=\"http:\/\/hormigaradio.com\/wp-content\/uploads\/2025\/04\/WhatsApp-Video-2025-04-06-at-11.01.55-AM.mp4?_=1\" \/><a href=\"http:\/\/hormigaradio.com\/wp-content\/uploads\/2025\/04\/WhatsApp-Video-2025-04-06-at-11.01.55-AM.mp4\">http:\/\/hormigaradio.com\/wp-content\/uploads\/2025\/04\/WhatsApp-Video-2025-04-06-at-11.01.55-AM.mp4<\/a><\/video><\/div>\n<p>La instituci\u00f3n del orden indic\u00f3 que durante el transcurso del d\u00eda de hoy fueron realizados allanamientos simult\u00e1neos en distintas comunidades de Jarabacoa, incluyendo Hato Viejo, donde residen los padres del desaparecido ni\u00f1o.<\/p>\n<p>Las acciones forman parte de las diligencias desplegadas como parte de las investigaciones que encabeza el Ministerio P\u00fablico de la jurisdicci\u00f3n de ni\u00f1os, ni\u00f1as y adolescentes, para dar respuesta al caso.<\/p>\n<p>La Polic\u00eda indic\u00f3 que, al momento de uno de los allanamientos, se registr\u00f3 una situaci\u00f3n donde la madre de la joven Vargas Ure\u00f1a y otros familiares intentaron impedir la actuaci\u00f3n del Ministerio P\u00fablico, adscritos a la jurisdicci\u00f3n de ni\u00f1os, ni\u00f1as y adolescentes.<\/p>\n<p>Fue en esa circunstancia que la joven Vargas Ure\u00f1a se uni\u00f3 a sus familiares, quienes utilizaban un bate y un tubo, por lo cual debi\u00f3 ser inmovilizada moment\u00e1neamente (esposada) hasta tanto se concluy\u00f3 el proceso sin mayores contratiempos.<\/p>\n<p>La instituci\u00f3n del orden precis\u00f3 que nadie result\u00f3 detenido durante las intervenciones.<\/p>\n<p>Con relaci\u00f3n a los menores de edad se encuentran bajo la protecci\u00f3n de las autoridades competentes.<\/p>\n<p>Oportunamente se ofrecer\u00e1n mayores detalles, conforme avance el proceso investigativo.<\/p>\n<p>Impactos: 31<\/p>","protected":false},"excerpt":{"rendered":"<p>La Polic\u00eda Nacional neg\u00f3 la tarde de hoy que la joven Carolina Vargas Ure\u00f1a, de 28 a\u00f1os, madre del ni\u00f1o Roldany Calder\u00f3n, de 3,<\/p>\n","protected":false},"author":3,"featured_media":23065,"comment_status":"closed","ping_status":"closed","sticky":false,"template":"","format":"standard","meta":[],"categories":[3],"tags":[],"_links":{"self":[{"href":"https:\/\/hormigaradio.com\/index.php?rest_route=\/wp\/v2\/posts\/23062"}],"collection":[{"href":"https:\/\/hormigaradio.com\/index.php?rest_route=\/wp\/v2\/posts"}],"about":[{"href":"https:\/\/hormigaradio.com\/index.php?rest_route=\/wp\/v2\/types\/post"}],"author":[{"embeddable":true,"href":"https:\/\/hormigaradio.com\/index.php?rest_route=\/wp\/v2\/users\/3"}],"replies":[{"embeddable":true,"href":"https:\/\/hormigaradio.com\/index.php?rest_route=%2Fwp%2Fv2%2Fcomments&post=23062"}],"version-history":[{"count":1,"href":"https:\/\/hormigaradio.com\/index.php?rest_route=\/wp\/v2\/posts\/23062\/revisions"}],"predecessor-version":[{"id":23064,"href":"https:\/\/hormigaradio.com\/index.php?rest_route=\/wp\/v2\/posts\/23062\/revisions\/23064"}],"wp:featuredmedia":[{"embeddable":true,"href":"https:\/\/hormigaradio.com\/index.php?rest_route=\/wp\/v2\/media\/23065"}],"wp:attachment":[{"href":"https:\/\/hormigaradio.com\/index.php?rest_route=%2Fwp%2Fv2%2Fmedia&parent=23062"}],"wp:term":[{"taxonomy":"category","embeddable":true,"href":"https:\/\/hormigaradio.com\/index.php?rest_route=%2Fwp%2Fv2%2Fcategories&post=23062"},{"taxonomy":"post_tag","embeddable":true,"href":"https:\/\/hormigaradio.com\/index.php?rest_route=%2Fwp%2Fv2%2Ftags&post=23062"}],"curies":[{"name":"wp","href":"https:\/\/api.w.org\/{rel}","templated":true}]}}