{"id":23091,"date":"2025-04-07T23:36:22","date_gmt":"2025-04-07T23:36:22","guid":{"rendered":"https:\/\/hormigaradio.com\/?p=23091"},"modified":"2025-04-07T23:39:36","modified_gmt":"2025-04-07T23:39:36","slug":"asume-nueva-fiscal-de-santiago-con-promesa-de-abrazar-la-transparencia-institucional","status":"publish","type":"post","link":"https:\/\/hormigaradio.com\/?p=23091","title":{"rendered":"ASUME NUEVA FISCAL DE SANTIAGO CON PROMESA DE &#8216;ABRAZAR&#8217; LA TRANSPARENCIA INSTITUCIONAL"},"content":{"rendered":"<p>Por\u00a0<span class=\"name font-600\"><a title=\"M\u00e1ximo Laureano\" href=\"https:\/\/acento.com.do\/autor\/mlaureano.html\">M\u00e1ximo Laureano<\/a><\/span><\/p>\n<p><strong>Quirsa Milagros Abreu Pe\u00f1a<\/strong>\u00a0fue presentada este lunes como la nueva fiscal titular interina del distrito judicial de Santiago, en sustituci\u00f3n de\u00a0<strong>Osvaldo Bonilla Hiraldo<\/strong>, quien fue promovido a procurador general adjunto.<\/p>\n<p>Es la segunda ocasi\u00f3n en que Abreu Pe\u00f1a asume la Fiscal\u00eda local. En su primera gesti\u00f3n en el cargo, sustituy\u00f3 a\u00a0<strong>Jos\u00e9 Francisco N\u00fa\u00f1ez Ledesma<\/strong>, quien fue apartado del puesto por presuntas irregularidades en sus funciones, las cuales motivaron una investigaci\u00f3n cuyo curso a\u00fan se desconoce.<\/p>\n<p>La nueva fiscal de Santiago fue juramentada por el procurador general adjunto y primer sustituto de la procuradora general de la Rep\u00fablica,\u00a0<strong>Rodolfo Espi\u00f1eira Ceballos<\/strong>.<\/p>\n<figure><img class=\"i-amphtml-fill-content i-amphtml-replaced-content\" title=\" Fiscal de Santiago, Quirsa Milagros Abreu Pe\u00f1a\" src=\"https:\/\/media.acento.com.do\/media\/storage02\/uploads\/2025\/04\/Asume-nueva-fiscal-de-Santiago-Quirsa-Milagros-Abreu-Pena-1-728x336.webp\" alt=\" Fiscal de Santiago, Quirsa Milagros Abreu Pe\u00f1a\" \/><figcaption><em>Fiscal de Santiago, Quirsa Milagros Abreu Pe\u00f1a.<\/em><\/figcaption><\/figure>\n<p>Tras ser juramentada como fiscal titular de Santiago,\u00a0<strong>Abreu Pe\u00f1a<\/strong>\u00a0se declar\u00f3 comprometido con la calidad en los procesos, la transparencia institucional y la honestidad en el ejercicio de sus funciones.<\/p>\n<section id=\"newsletter\">\n<header class=\"newsletter__header\"><\/header>\n<p class=\"newsletter__disclaimer\">\u201cHacemos nuestro compromiso y la filosof\u00eda de la magistrada <strong>Yeni Berenice Reynoso<\/strong>, nuestra primera procuradora general de la Rep\u00fablica de carrera, de actuar, como siempre lo hemos hecho, con honestidad, transparencia y eficiencia\u201d, expres\u00f3 la funcionaria del Ministerio P\u00fablico.<\/p>\n<\/section>\n<h2>Datos.<\/h2>\n<p><strong>Quirsa Milagros Abreu Pe\u00f1a<\/strong>\u00a0es oriunda de la provincia Santiago Rodr\u00edguez. Seg\u00fan la nota difundida por la Fiscal\u00eda local, acumula 36 a\u00f1os de servicio p\u00fablico, de los cuales 29 han sido vinculados al Ministerio P\u00fablico.<\/p>\n<p>Es licenciada en Derecho por la Universidad Tecnol\u00f3gica de Santiago\u00a0<strong>(Utesa),<\/strong>\u00a0con un posgrado en Administraci\u00f3n de Justicia de la Pontificia Universidad Cat\u00f3lica Madre y Maestra\u00a0<strong>(PUCMM).<\/strong><\/p>\n<p>Tambi\u00e9n tiene una especialidad en Derecho Penal y Derecho Procesal Penal de la Universidad APEC y ha recibido otras capacitaciones del Instituto de Educaci\u00f3n Superior de la Escuela Nacional del Ministerio P\u00fablico.<\/p>\n<p>Impactos: 33<\/p>","protected":false},"excerpt":{"rendered":"<p>Por\u00a0M\u00e1ximo Laureano Quirsa Milagros Abreu Pe\u00f1a\u00a0fue presentada este lunes como la nueva fiscal titular interina del distrito judicial de Santiago, en sustituci\u00f3n de\u00a0Osvaldo Bonilla<\/p>\n","protected":false},"author":3,"featured_media":23093,"comment_status":"closed","ping_status":"closed","sticky":false,"template":"","format":"standard","meta":[],"categories":[3],"tags":[],"_links":{"self":[{"href":"https:\/\/hormigaradio.com\/index.php?rest_route=\/wp\/v2\/posts\/23091"}],"collection":[{"href":"https:\/\/hormigaradio.com\/index.php?rest_route=\/wp\/v2\/posts"}],"about":[{"href":"https:\/\/hormigaradio.com\/index.php?rest_route=\/wp\/v2\/types\/post"}],"author":[{"embeddable":true,"href":"https:\/\/hormigaradio.com\/index.php?rest_route=\/wp\/v2\/users\/3"}],"replies":[{"embeddable":true,"href":"https:\/\/hormigaradio.com\/index.php?rest_route=%2Fwp%2Fv2%2Fcomments&post=23091"}],"version-history":[{"count":1,"href":"https:\/\/hormigaradio.com\/index.php?rest_route=\/wp\/v2\/posts\/23091\/revisions"}],"predecessor-version":[{"id":23092,"href":"https:\/\/hormigaradio.com\/index.php?rest_route=\/wp\/v2\/posts\/23091\/revisions\/23092"}],"wp:featuredmedia":[{"embeddable":true,"href":"https:\/\/hormigaradio.com\/index.php?rest_route=\/wp\/v2\/media\/23093"}],"wp:attachment":[{"href":"https:\/\/hormigaradio.com\/index.php?rest_route=%2Fwp%2Fv2%2Fmedia&parent=23091"}],"wp:term":[{"taxonomy":"category","embeddable":true,"href":"https:\/\/hormigaradio.com\/index.php?rest_route=%2Fwp%2Fv2%2Fcategories&post=23091"},{"taxonomy":"post_tag","embeddable":true,"href":"https:\/\/hormigaradio.com\/index.php?rest_route=%2Fwp%2Fv2%2Ftags&post=23091"}],"curies":[{"name":"wp","href":"https:\/\/api.w.org\/{rel}","templated":true}]}}