{"id":23367,"date":"2025-05-02T20:59:30","date_gmt":"2025-05-02T20:59:30","guid":{"rendered":"https:\/\/hormigaradio.com\/?p=23367"},"modified":"2025-05-02T21:01:21","modified_gmt":"2025-05-02T21:01:21","slug":"alcalde-ulises-rodriguez-anuncia-reestablecera-parquimetros-fueron-anulados-por-scj","status":"publish","type":"post","link":"https:\/\/hormigaradio.com\/?p=23367","title":{"rendered":"ALCALDE ULISES RODR\u00cdGUEZ ANUNCIA REESTABLECER\u00c1 PARQU\u00cdMETROS FUERON ANULADOS POR SCJ"},"content":{"rendered":"<p>Por\u00a0<span class=\"name font-600\"><a title=\"M\u00e1ximo Laureano\" href=\"https:\/\/acento.com.do\/autor\/mlaureano.html\">M\u00e1ximo Laureano<\/a><\/span><\/p>\n<p>El alcalde de Santiago, Ulises Rodr\u00edguez, anunci\u00f3 que est\u00e1 en conversaciones con distintos sectores para reestablecer el Sistema de Parqu\u00edmetros, el cual fue anulado por una sentencia de la\u00a0<strong>Suprema Corte de Justicia<\/strong>\u00a0(SCJ) en 2011, tras declararlo inconstitucional.<\/p>\n<p>En un informe de su primer a\u00f1o de gesti\u00f3n, el alcalde del Partido Revolucionario Moderno (PRM) present\u00f3 una lista de promesas, en la que incluy\u00f3 el restablecimiento de los parqu\u00edmetros.<\/p>\n<p>El ejecutivo municipal dijo que ser\u00eda una soluci\u00f3n para organizar los espaciosos p\u00fablicos en el centro de la ciudad.<\/p>\n<section id=\"newsletter\">\n<header class=\"newsletter__header\"><\/header>\n<p class=\"newsletter__disclaimer\">&#8220;Nos encontramos en constante comunicaci\u00f3n con diferentes actores para la instalaci\u00f3n los parqu\u00edmetros en el municipio de Santiago, para poder regular los espacios en el centro de la ciudad, donde sean necesarios&#8221;, detall\u00f3 el alcalde Rodr\u00edguez.<\/p>\n<\/section>\n<p>Tambi\u00e9n anunci\u00f3 la instalaci\u00f3n de un sistema de vigilancia con c\u00e1maras de alta tecnolog\u00eda, que tendr\u00eda un costo de 30 millones.<\/p>\n<p>El sistema de parqu\u00edmetros fue instalado en Santiago, en el a\u00f1o 2006, en la gesti\u00f3n del alcalde Jos\u00e9 Enrique Sued Sem, del Partido Reformista Social Cristiano (PRSC).<\/p>\n<figure class=\"no-caption\"><img class=\"i-amphtml-fill-content i-amphtml-replaced-content\" title=\"Alcalde Ulises Rodr\u00edguez anuncia reestablecer\u00e1 parqu\u00edmetros fueron anulados por SCJ\" src=\"https:\/\/media.acento.com.do\/media\/storage02\/uploads\/2025\/05\/Alcalde-Ulises-Rodriguez-anuncia-reestablecera-parquimetros-fueron-anulados-por-SCJ-1-728x551.webp\" alt=\"Alcalde Ulises Rodr\u00edguez anuncia reestablecer\u00e1 parqu\u00edmetros fueron anulados por SCJ\" \/><\/figure>\n<p>La instalaci\u00f3n de sistema de estacionamientos regulados fue sucedida por una serie protestas, aupadas por sectores del transporte y activistas sociales que rechazaron los dispositivos.<\/p>\n<p>El Sistema de Parqu\u00edmetros fue deshabilitado en 2011, tras una sentencia emitida por los jueces de la Suprema Corte de Justicia, que declararon el sistema como inconstitucional, luego de un proceso iniciado por el entonces regidor del Partido de la Liberaci\u00f3n Dominicana (PLD), Hip\u00f3lito Mart\u00ednez, quien motiv\u00f3 la creaci\u00f3n del Comit\u00e9 de Defensa del Espacio P\u00fablico, que incluy\u00f3 decenas de protestas en rechazo al sistema.<\/p>\n<p>\u201cFue el mecanismo social que constituimos junto a ciudadanos activos de Santiago. Logr\u00f3 recuperar la gratuidad del uso de las calles como bien del dominio p\u00fablico, el cual no est\u00e1 sujeto a ning\u00fan tributo\u201d, explic\u00f3 Mart\u00ednez.<\/p>\n<p>En cuanto al sistema del parqu\u00edmetro, Juan Marte, de la Central Nacional de Trabajadores del Transporte (CNTT), ha dicho que, como en el pasado, rechazar\u00eda cualquier propuesta que se salga de los lineamientos de ordenar y regular el uso de los espacios p\u00fablicos para convertirse en un negocio particular.<\/p>\n<p>Marte argument\u00f3 que, en el sistema que se anul\u00f3 en 2011, los promotores salieron del per\u00edmetro adecuado para instalar los dispositivos, con la finalidad de beneficiar a los due\u00f1os del negocio, en perjuicio de la ciudad.<\/p>\n<p>Impactos: 50<\/p>","protected":false},"excerpt":{"rendered":"<p>Por\u00a0M\u00e1ximo Laureano El alcalde de Santiago, Ulises Rodr\u00edguez, anunci\u00f3 que est\u00e1 en conversaciones con distintos sectores para reestablecer el Sistema de Parqu\u00edmetros, el cual<\/p>\n","protected":false},"author":3,"featured_media":23369,"comment_status":"closed","ping_status":"closed","sticky":false,"template":"","format":"standard","meta":[],"categories":[3],"tags":[],"_links":{"self":[{"href":"https:\/\/hormigaradio.com\/index.php?rest_route=\/wp\/v2\/posts\/23367"}],"collection":[{"href":"https:\/\/hormigaradio.com\/index.php?rest_route=\/wp\/v2\/posts"}],"about":[{"href":"https:\/\/hormigaradio.com\/index.php?rest_route=\/wp\/v2\/types\/post"}],"author":[{"embeddable":true,"href":"https:\/\/hormigaradio.com\/index.php?rest_route=\/wp\/v2\/users\/3"}],"replies":[{"embeddable":true,"href":"https:\/\/hormigaradio.com\/index.php?rest_route=%2Fwp%2Fv2%2Fcomments&post=23367"}],"version-history":[{"count":1,"href":"https:\/\/hormigaradio.com\/index.php?rest_route=\/wp\/v2\/posts\/23367\/revisions"}],"predecessor-version":[{"id":23368,"href":"https:\/\/hormigaradio.com\/index.php?rest_route=\/wp\/v2\/posts\/23367\/revisions\/23368"}],"wp:featuredmedia":[{"embeddable":true,"href":"https:\/\/hormigaradio.com\/index.php?rest_route=\/wp\/v2\/media\/23369"}],"wp:attachment":[{"href":"https:\/\/hormigaradio.com\/index.php?rest_route=%2Fwp%2Fv2%2Fmedia&parent=23367"}],"wp:term":[{"taxonomy":"category","embeddable":true,"href":"https:\/\/hormigaradio.com\/index.php?rest_route=%2Fwp%2Fv2%2Fcategories&post=23367"},{"taxonomy":"post_tag","embeddable":true,"href":"https:\/\/hormigaradio.com\/index.php?rest_route=%2Fwp%2Fv2%2Ftags&post=23367"}],"curies":[{"name":"wp","href":"https:\/\/api.w.org\/{rel}","templated":true}]}}