{"id":23370,"date":"2025-05-03T13:11:12","date_gmt":"2025-05-03T13:11:12","guid":{"rendered":"https:\/\/hormigaradio.com\/?p=23370"},"modified":"2025-05-03T13:19:25","modified_gmt":"2025-05-03T13:19:25","slug":"presidente-abinader-designa-nuevas-gobernadoras-la-altagracia-montecristi-y-santiago-rodriguez","status":"publish","type":"post","link":"https:\/\/hormigaradio.com\/?p=23370","title":{"rendered":"PRESIDENTE ABINADER DESIGNA NUEVAS GOBERNADORAS LA ALTAGRACIA, MONTECRISTI Y SANTIAGO RODR\u00cdGUEZ"},"content":{"rendered":"<p><img loading=\"lazy\" class=\"alignnone wp-image-15152\" src=\"http:\/\/hormigaradio.com\/wp-content\/uploads\/2022\/01\/FIRMA-para-Hormiga-Radio-300x158.jpeg\" alt=\"\" width=\"80\" height=\"42\" \/><\/p>\n<p>El presidente Luis Abinader design\u00f3 nuevas gobernadoras para las provincias La Altagracia, Montecristi y Santiago Rodr\u00edguez. La disposici\u00f3n est\u00e1 contenida en el decreto 227-25 del 30 de abril del a\u00f1o en curso.<\/p>\n<p><a href=\"http:\/\/hormigaradio.com\/wp-content\/uploads\/2025\/05\/Decreto-227-25.pdf\">Decreto 227-25<\/a><\/p>\n<p>Daysi Francisca de Oleo R. de Bastardo es la m\u00e1s reciente representante del Poder Ejecutivo en La Altagracia. Es m\u00e9dico-pediatra perinat\u00f3logo, especializada en atenci\u00f3n neonatal y gesti\u00f3n de servicios hospitalarios. Es tambi\u00e9n miembro de la Sociedad Dominicana de Pediatr\u00eda y del Colegio M\u00e9dico Dominicano.<\/p>\n<p>Montecristi queda ahora representada por Leissa Virginia Cruz Polanco; desde 2020 se desempe\u00f1\u00f3 como directora de Despacho en la gobernaci\u00f3n de Montecristi, asumiendo responsabilidades como la direcci\u00f3n y ejecuci\u00f3n del plan estrat\u00e9gico, supervisi\u00f3n y control de las operaciones diarias, direcci\u00f3n de administraci\u00f3n financiera, entre otros.<\/p>\n<p>Mientras que Glehany Yafreysys Azcona Torres asume como gobernadora civil de Santiago Rodr\u00edguez, donde fung\u00eda como directora provincial de los Comedores Econ\u00f3micos del Estado, a cargo de la supervisi\u00f3n, planificaci\u00f3n, organizaci\u00f3n, direcci\u00f3n y control de las operaciones diarias.<\/p>\n<p>Impactos: 52<\/p>","protected":false},"excerpt":{"rendered":"<p>El presidente Luis Abinader design\u00f3 nuevas gobernadoras para las provincias La Altagracia, Montecristi y Santiago Rodr\u00edguez. La disposici\u00f3n est\u00e1 contenida en el decreto 227-25<\/p>\n","protected":false},"author":3,"featured_media":23375,"comment_status":"closed","ping_status":"closed","sticky":false,"template":"","format":"standard","meta":[],"categories":[3],"tags":[],"_links":{"self":[{"href":"https:\/\/hormigaradio.com\/index.php?rest_route=\/wp\/v2\/posts\/23370"}],"collection":[{"href":"https:\/\/hormigaradio.com\/index.php?rest_route=\/wp\/v2\/posts"}],"about":[{"href":"https:\/\/hormigaradio.com\/index.php?rest_route=\/wp\/v2\/types\/post"}],"author":[{"embeddable":true,"href":"https:\/\/hormigaradio.com\/index.php?rest_route=\/wp\/v2\/users\/3"}],"replies":[{"embeddable":true,"href":"https:\/\/hormigaradio.com\/index.php?rest_route=%2Fwp%2Fv2%2Fcomments&post=23370"}],"version-history":[{"count":3,"href":"https:\/\/hormigaradio.com\/index.php?rest_route=\/wp\/v2\/posts\/23370\/revisions"}],"predecessor-version":[{"id":23374,"href":"https:\/\/hormigaradio.com\/index.php?rest_route=\/wp\/v2\/posts\/23370\/revisions\/23374"}],"wp:featuredmedia":[{"embeddable":true,"href":"https:\/\/hormigaradio.com\/index.php?rest_route=\/wp\/v2\/media\/23375"}],"wp:attachment":[{"href":"https:\/\/hormigaradio.com\/index.php?rest_route=%2Fwp%2Fv2%2Fmedia&parent=23370"}],"wp:term":[{"taxonomy":"category","embeddable":true,"href":"https:\/\/hormigaradio.com\/index.php?rest_route=%2Fwp%2Fv2%2Fcategories&post=23370"},{"taxonomy":"post_tag","embeddable":true,"href":"https:\/\/hormigaradio.com\/index.php?rest_route=%2Fwp%2Fv2%2Ftags&post=23370"}],"curies":[{"name":"wp","href":"https:\/\/api.w.org\/{rel}","templated":true}]}}