{"id":23421,"date":"2025-05-13T23:40:26","date_gmt":"2025-05-13T23:40:26","guid":{"rendered":"https:\/\/hormigaradio.com\/?p=23421"},"modified":"2025-05-13T23:43:24","modified_gmt":"2025-05-13T23:43:24","slug":"presidente-luis-abinader-lamenta-muerte-de-ex-presidente-uruguayo-jose-mujica","status":"publish","type":"post","link":"https:\/\/hormigaradio.com\/?p=23421","title":{"rendered":"PRESIDENTE LUIS ABINADER LAMENTA MUERTE DE EX PRESIDENTE URUGUAYO JOS\u00c9 MUJICA"},"content":{"rendered":"<div class=\"autor-share-holder flex-container align-center justify-between\">\n<div class=\"autor flex-container align-center\">\n<div class=\"extra-holder\">\n<p>Por\u00a0<span class=\"name font-600\"><a title=\"Servicios de Acento.com.do\" href=\"https:\/\/acento.com.do\/autor\/servicios.html\">Servicios de Acento.com.do<\/a><\/span><\/p>\n<div class=\"flex-container align-center\">El presidente<strong>\u00a0Luis Abinader<\/strong>\u00a0lament\u00f3 este martes la muerte del\u00a0expresidente uruguayo\u00a0<strong>Jos\u00e9 &#8220;Pepe&#8221; Mujica.\u00a0<\/strong><\/div>\n<\/div>\n<\/div>\n<\/div>\n<p>A \u00a0trav\u00e9s de un mensaje en su cuenta de la red social X (Twitter), el mandatario dijo haber conocido a a\u00a0<strong>Mujica<\/strong>\u00a0y aprender de su sabidur\u00eda y humildad.<\/p>\n<p>&#8220;Expreso mis condolencias a su familia, al pueblo uruguayo y a toda Am\u00e9rica Latina, que hoy despide a un referente moral y humano&#8221;, manifest\u00f3.<\/p>\n<p><strong>Mujica\u00a0<\/strong>falleci\u00f3 este martes en Montevideo a los 89 a\u00f1os, un a\u00f1o despu\u00e9s de que le descubrieran un tumor maligno en el es\u00f3fago.<\/p>\n<p>&nbsp;<\/p>\n<p><img loading=\"lazy\" src=\"https:\/\/ichef.bbci.co.uk\/ace\/standard\/raw\/cpsprodpb\/c427\/live\/9ab6be50-2417-11ef-80aa-699d54c46324.jpg\" alt=\"Jos\u00e9 Mujica parado sobre un camino de tierra\" width=\"4032\" height=\"3024\" \/><\/p>\n<figure>\n<footer><\/footer><figcaption><strong>Mujica viv\u00eda en una chacra con una humilde casa en las afueras de Montevideo.<\/strong><\/figcaption><\/figure>\n<figure><\/figure>\n<p>Impactos: 48<\/p>","protected":false},"excerpt":{"rendered":"<p>Por\u00a0Servicios de Acento.com.do El presidente\u00a0Luis Abinader\u00a0lament\u00f3 este martes la muerte del\u00a0expresidente uruguayo\u00a0Jos\u00e9 &#8220;Pepe&#8221; Mujica.\u00a0 A \u00a0trav\u00e9s de un mensaje en su cuenta de la<\/p>\n","protected":false},"author":3,"featured_media":23423,"comment_status":"closed","ping_status":"closed","sticky":false,"template":"","format":"standard","meta":[],"categories":[3],"tags":[],"_links":{"self":[{"href":"https:\/\/hormigaradio.com\/index.php?rest_route=\/wp\/v2\/posts\/23421"}],"collection":[{"href":"https:\/\/hormigaradio.com\/index.php?rest_route=\/wp\/v2\/posts"}],"about":[{"href":"https:\/\/hormigaradio.com\/index.php?rest_route=\/wp\/v2\/types\/post"}],"author":[{"embeddable":true,"href":"https:\/\/hormigaradio.com\/index.php?rest_route=\/wp\/v2\/users\/3"}],"replies":[{"embeddable":true,"href":"https:\/\/hormigaradio.com\/index.php?rest_route=%2Fwp%2Fv2%2Fcomments&post=23421"}],"version-history":[{"count":1,"href":"https:\/\/hormigaradio.com\/index.php?rest_route=\/wp\/v2\/posts\/23421\/revisions"}],"predecessor-version":[{"id":23422,"href":"https:\/\/hormigaradio.com\/index.php?rest_route=\/wp\/v2\/posts\/23421\/revisions\/23422"}],"wp:featuredmedia":[{"embeddable":true,"href":"https:\/\/hormigaradio.com\/index.php?rest_route=\/wp\/v2\/media\/23423"}],"wp:attachment":[{"href":"https:\/\/hormigaradio.com\/index.php?rest_route=%2Fwp%2Fv2%2Fmedia&parent=23421"}],"wp:term":[{"taxonomy":"category","embeddable":true,"href":"https:\/\/hormigaradio.com\/index.php?rest_route=%2Fwp%2Fv2%2Fcategories&post=23421"},{"taxonomy":"post_tag","embeddable":true,"href":"https:\/\/hormigaradio.com\/index.php?rest_route=%2Fwp%2Fv2%2Ftags&post=23421"}],"curies":[{"name":"wp","href":"https:\/\/api.w.org\/{rel}","templated":true}]}}