{"id":23424,"date":"2025-05-14T21:59:47","date_gmt":"2025-05-14T21:59:47","guid":{"rendered":"https:\/\/hormigaradio.com\/?p=23424"},"modified":"2025-05-14T22:09:38","modified_gmt":"2025-05-14T22:09:38","slug":"la-reunion-del-presidente-luis-abinader-con-los-tres-ex-presidentes","status":"publish","type":"post","link":"https:\/\/hormigaradio.com\/?p=23424","title":{"rendered":"LA REUNI\u00d3N DEL PRESIDENTE LUIS ABINADER CON LOS TRES EX PRESIDENTES (v\u00eddeo)"},"content":{"rendered":"<p><img loading=\"lazy\" class=\"alignnone wp-image-15152\" src=\"http:\/\/hormigaradio.com\/wp-content\/uploads\/2022\/01\/FIRMA-para-Hormiga-Radio-300x158.jpeg\" alt=\"\" width=\"80\" height=\"42\" \/><\/p>\n<p>El presidente Abinader junto al ministro de Defensa, teniente general Carlos Antonio Fern\u00e1ndez Onofre, recibi\u00f3 a los ex mandatarios, d\u00e1ndoles la bienvenida y agradeciendo el gesto de su presencia en esta reuni\u00f3n.<\/p>\n<p>El primero en llegar fue el presidente Abinader, luego Leonel Fern\u00e1ndez, m\u00e1s adelante Hip\u00f3lito Mej\u00eda y finalmente Danilo Medina quienes permanecieron alrededor de 10 minutos conversando a solas en la planta baja del ministerio.<\/p>\n<p><img loading=\"lazy\" class=\"alignnone wp-image-23427 size-large\" src=\"http:\/\/hormigaradio.com\/wp-content\/uploads\/2025\/05\/el-presidente-y-los-ex-juntos-1024x683.jpg\" alt=\"\" width=\"715\" height=\"477\" srcset=\"https:\/\/hormigaradio.com\/wp-content\/uploads\/2025\/05\/el-presidente-y-los-ex-juntos-1024x683.jpg 1024w, https:\/\/hormigaradio.com\/wp-content\/uploads\/2025\/05\/el-presidente-y-los-ex-juntos-300x200.jpg 300w, https:\/\/hormigaradio.com\/wp-content\/uploads\/2025\/05\/el-presidente-y-los-ex-juntos-768x512.jpg 768w, https:\/\/hormigaradio.com\/wp-content\/uploads\/2025\/05\/el-presidente-y-los-ex-juntos-1536x1024.jpg 1536w, https:\/\/hormigaradio.com\/wp-content\/uploads\/2025\/05\/el-presidente-y-los-ex-juntos-2048x1366.jpg 2048w\" sizes=\"(max-width: 715px) 100vw, 715px\" \/><\/p>\n<p>Posteriormente salieron al frente del edificio donde se les rindieron los honores correspondientes y luego subieron al sal\u00f3n de reuniones del despacho del ministro de Defensa donde se inici\u00f3 la reuni\u00f3n a las 4:10 de la tarde.<\/p>\n<p>En la primera parte de la reuni\u00f3n participaron los ministros de Relaciones Exteriores, Roberto \u00c1lvarez; de Defensa, teniente general Carlos Antonio Fern\u00e1ndez Onofre; el comandante general del Ej\u00e9rcito, Jorge Camino P\u00e9rez; los directores del Departamento Nacional de Investigaciones (DNI), Luis Soto; de Migraci\u00f3n, vicealmirante Luis Rafael Lee Ballester y el embajador dominicano en Hait\u00ed, Faruk Miguel Castillo.<\/p>\n<p>En la segunda parte de la reuni\u00f3n quedaron solamente el presidente Abinader y los ex presidentes Fern\u00e1ndez Mej\u00eda y Medina.<\/p>\n<p>&#8230;<\/p>\n<div style=\"width: 715px;\" class=\"wp-video\"><!--[if lt IE 9]><script>document.createElement('video');<\/script><![endif]-->\n<video class=\"wp-video-shortcode\" id=\"video-23424-1\" width=\"715\" height=\"402\" preload=\"metadata\" controls=\"controls\"><source type=\"video\/mp4\" src=\"http:\/\/hormigaradio.com\/wp-content\/uploads\/2025\/05\/WhatsApp-Video-2025-05-14-at-6.07.05-PM.mp4?_=1\" \/><a href=\"http:\/\/hormigaradio.com\/wp-content\/uploads\/2025\/05\/WhatsApp-Video-2025-05-14-at-6.07.05-PM.mp4\">http:\/\/hormigaradio.com\/wp-content\/uploads\/2025\/05\/WhatsApp-Video-2025-05-14-at-6.07.05-PM.mp4<\/a><\/video><\/div>\n<p>&nbsp;<\/p>\n<p>Impactos: 78<\/p>","protected":false},"excerpt":{"rendered":"<p>El presidente Abinader junto al ministro de Defensa, teniente general Carlos Antonio Fern\u00e1ndez Onofre, recibi\u00f3 a los ex mandatarios, d\u00e1ndoles la bienvenida y agradeciendo<\/p>\n","protected":false},"author":3,"featured_media":23426,"comment_status":"closed","ping_status":"closed","sticky":false,"template":"","format":"standard","meta":[],"categories":[3],"tags":[],"_links":{"self":[{"href":"https:\/\/hormigaradio.com\/index.php?rest_route=\/wp\/v2\/posts\/23424"}],"collection":[{"href":"https:\/\/hormigaradio.com\/index.php?rest_route=\/wp\/v2\/posts"}],"about":[{"href":"https:\/\/hormigaradio.com\/index.php?rest_route=\/wp\/v2\/types\/post"}],"author":[{"embeddable":true,"href":"https:\/\/hormigaradio.com\/index.php?rest_route=\/wp\/v2\/users\/3"}],"replies":[{"embeddable":true,"href":"https:\/\/hormigaradio.com\/index.php?rest_route=%2Fwp%2Fv2%2Fcomments&post=23424"}],"version-history":[{"count":4,"href":"https:\/\/hormigaradio.com\/index.php?rest_route=\/wp\/v2\/posts\/23424\/revisions"}],"predecessor-version":[{"id":23431,"href":"https:\/\/hormigaradio.com\/index.php?rest_route=\/wp\/v2\/posts\/23424\/revisions\/23431"}],"wp:featuredmedia":[{"embeddable":true,"href":"https:\/\/hormigaradio.com\/index.php?rest_route=\/wp\/v2\/media\/23426"}],"wp:attachment":[{"href":"https:\/\/hormigaradio.com\/index.php?rest_route=%2Fwp%2Fv2%2Fmedia&parent=23424"}],"wp:term":[{"taxonomy":"category","embeddable":true,"href":"https:\/\/hormigaradio.com\/index.php?rest_route=%2Fwp%2Fv2%2Fcategories&post=23424"},{"taxonomy":"post_tag","embeddable":true,"href":"https:\/\/hormigaradio.com\/index.php?rest_route=%2Fwp%2Fv2%2Ftags&post=23424"}],"curies":[{"name":"wp","href":"https:\/\/api.w.org\/{rel}","templated":true}]}}