{"id":23432,"date":"2025-05-14T22:53:04","date_gmt":"2025-05-14T22:53:04","guid":{"rendered":"https:\/\/hormigaradio.com\/?p=23432"},"modified":"2025-05-14T22:57:34","modified_gmt":"2025-05-14T22:57:34","slug":"23432","status":"publish","type":"post","link":"https:\/\/hormigaradio.com\/?p=23432","title":{"rendered":"TRAZADO DEL MONORRIEL EN SANTIAGO &#8216;EN VEREMOS&#8217; ANTE AMENAZA DE DESTRUIR ZONA ECOL\u00d3GICA (video)"},"content":{"rendered":"<div class=\"article-audio-container\">\n<div class=\"audio-btns-holder\"><\/div>\n<p>Por\u00a0<span class=\"name font-600\"><a title=\"M\u00e1ximo Laureano\" href=\"https:\/\/acento.com.do\/autor\/mlaureano.html\">M\u00e1ximo Laureano<\/a><\/span><\/p>\n<\/div>\n<div class=\"banner-box\">\n<div id=\"div-gpt-ad-1732723518537-5\" data-google-query-id=\"CKSc18qFpI0DFekF2wEdymEY2A\">\n<div id=\"google_ads_iframe_\/5168668\/News_Middle_01_0__container__\"><\/div>\n<\/div>\n<\/div>\n<div class=\"article-body\">\n<p><iframe loading=\"lazy\" title=\"Trazado Monorriel Santiago en veremos ante amenaza de destruir zona ecol\u00f3gica\" src=\"https:\/\/geo.dailymotion.com\/player.html?video=x9jicsa&amp;\" width=\"500\" height=\"625\" frameborder=\"0\" allowfullscreen=\"allowfullscreen\" data-mce-fragment=\"1\"><\/iframe><\/p>\n<p>Cuatro damas residentes en la comunidad de clase media\u00a0<strong>Reparto Universitario<\/strong>, a la entrada de\u00a0<strong>Santiago de los Caballeros<\/strong>, se apostaron frente a una pala mec\u00e1nica que transportaba barriles de advertencia de la construcci\u00f3n del monorriel, para exigir que se desv\u00ede la obra, que, seg\u00fan han denunciado, amenaza el \u00e1rea verde.<\/p>\n<p>\u201cTendr\u00e1n que pasarnos por encima\u201d, proclamaron las ciudadanas, quienes se niegan a que las estructuras del monorriel destruyan una reserva ecol\u00f3gica que bordea el residencial.<\/p>\n<p>\u201cEsa gente no escucha a nadie\u201d, advierte una vecina que reside en la calle 1 y se lleva las manos a la cabeza al contemplar el bosque frente a su casa, desde donde se escuchan las aves que pululan all\u00ed.<\/p>\n<section id=\"newsletter\">\n<header class=\"newsletter__header\"><\/header>\n<div class=\"newsletter-search\">\n<form class=\"flex-container flex-wrap align-center justify-between i-amphtml-form\" method=\"post\" novalidate=\"\" target=\"_top\">P\u00e1jaros carpinteros, juli\u00e1n chiv\u00ed, cuatro ojos, barrancol\u00edes, t\u00f3rtolas y el ave nacional, Dulus dominicus (cigua palmera), son residentes permanentes en el bosque que se ha formado sobre un arroyo que surca el \u00e1rea.<\/form>\n<\/div>\n<\/section>\n<p>&#8220;No queremos monorriel. Queremos preservar nuestra \u00e1rea verde, que es un pulm\u00f3n de Santiago&#8221;, anuncian los vecinos en una valla.<\/p>\n<p>La construcci\u00f3n del sistema de transporte comprende el paso por esta zona para conectar con la estaci\u00f3n 12, en la puerta oeste de la Pontificia Universidad Cat\u00f3lica Madre y Maestra (PUCMM), en la avenida Salvador Estrella Sadhal\u00e1. Sin embargo, los vecinos y activistas ambientalistas consideran un desatino que la estructura del monorriel altere un ecosistema natural.<\/p>\n<p>El monorriel de Santiago se extiende desde La Gloria-Cienfuegos, en el distrito municipal Santiago Oeste, pasando por los ensanches Mella I y II, Monte Rico, Ensanche Espaillat, Parque Industrial V\u00edctor Espaillat Mera, Cuesta Colorada, Ensanche Berm\u00fadez, Ensanche Rom\u00e1n, un tramo de la avenida 27 de Febrero, Palacio de Justicia, Estadio Cibao, Hospital Presidente Estrella Ure\u00f1a, Pueblo Nuevo, La Mu\u00f1eca y Baracoa, hasta la Estaci\u00f3n Central, en la triple intersecci\u00f3n de las avenidas Presidente Antonio Guzm\u00e1n Fern\u00e1ndez, Imbert, Hermanas Mirabal y Las Carreras.<\/p>\n<p>El tren seguir\u00eda por toda la avenida Las Carreras hasta llegar al punto que el ingeniero Jael Isa, encargado del proyecto, ha llamado la \u201czona cr\u00edtica\u201d, es decir, los alrededores del Monumento a los H\u00e9roes de la Restauraci\u00f3n y el Gran Teatro del Cibao, en cuyos jardines ya se ha talado parte de los \u00e1rboles.<\/p>\n<div class=\"gallery\">\n<figure class=\"gallery-item\"><img sizes=\"(max-width: 360px) 320px, 700px\" srcset=\"https:\/\/media.acento.com.do\/media\/storage02\/uploads\/2025\/05\/Trazado-del-monorriel-en-Santiago-en-veremos-en-Respaldo-Universitario-1-728x548.webp 360w, https:\/\/media.acento.com.do\/media\/storage02\/uploads\/2025\/05\/Trazado-del-monorriel-en-Santiago-en-veremos-en-Respaldo-Universitario-1-360x271.webp 728w\" alt=\"\" \/><figcaption class=\"gallery-caption\"><\/figcaption><\/figure>\n<figure class=\"gallery-item\"><img sizes=\"(max-width: 360px) 320px, 700px\" srcset=\"https:\/\/media.acento.com.do\/media\/storage02\/uploads\/2025\/05\/Trazado-del-monorriel-en-Santiago-en-veremos-en-Respaldo-Universitario-2-728x548.webp 360w, https:\/\/media.acento.com.do\/media\/storage02\/uploads\/2025\/05\/Trazado-del-monorriel-en-Santiago-en-veremos-en-Respaldo-Universitario-2-360x271.webp 728w\" alt=\"\" \/><figcaption class=\"gallery-caption\"><\/figcaption><\/figure>\n<figure class=\"gallery-item\"><img sizes=\"(max-width: 360px) 320px, 700px\" srcset=\"https:\/\/media.acento.com.do\/media\/storage02\/uploads\/2025\/05\/Trazado-del-monorriel-en-Santiago-en-veremos-en-Respaldo-Universitario-3-728x548.webp 360w, https:\/\/media.acento.com.do\/media\/storage02\/uploads\/2025\/05\/Trazado-del-monorriel-en-Santiago-en-veremos-en-Respaldo-Universitario-3-360x271.webp 728w\" alt=\"\" \/><figcaption class=\"gallery-caption\"><\/figcaption><\/figure>\n<figure class=\"gallery-item\"><img sizes=\"(max-width: 360px) 320px, 700px\" srcset=\"https:\/\/media.acento.com.do\/media\/storage02\/uploads\/2025\/05\/Trazado-del-monorriel-en-Santiago-en-veremos-en-Respaldo-Universitario-728x548.webp 360w, https:\/\/media.acento.com.do\/media\/storage02\/uploads\/2025\/05\/Trazado-del-monorriel-en-Santiago-en-veremos-en-Respaldo-Universitario-360x271.webp 728w\" alt=\"\" \/><figcaption class=\"gallery-caption\"><\/figcaption><\/figure>\n<\/div>\n<p>Y es que, justo despu\u00e9s de pasar la zona monumental, empieza el conflicto con los residentes del\u00a0<strong>Reparto Universitario<\/strong>, quienes afirman que no aceptar\u00e1n que se desmonte el \u00e1rea verde de su entorno.<\/p>\n<p>Sobre las denuncias, el abogado Mito N\u00fa\u00f1ez ha dicho que, originalmente, el trazado del sistema de transporte no afectar\u00eda este punto, pero asegura que se cambi\u00f3 la ruta y no se ha ofrecido ninguna explicaci\u00f3n a los moradores de la urbanizaci\u00f3n.<\/p>\n<div class=\"related-news\">\n<div class=\"related-news__fake-slider\">\n<article>\n<h3 class=\"font-600\"><\/h3>\n<\/article>\n<\/div>\n<\/div>\n<div class=\"banner-box\"><\/div>\n<p>Una vez pasada esta \u00e1rea de conflicto con los vecinos del\u00a0<strong>Reparto Universitario<\/strong>, el monorriel conectar\u00e1 con la Estaci\u00f3n 12 de la\u00a0<strong>PUCMM<\/strong>\u00a0para seguir hacia la intersecci\u00f3n de las avenidas Yapur Dumit y Domingo Rosario, en el sector Los Jazmines, en la parte sur de la ciudad.<\/p>\n<p>\u201cNo estamos en contra de que se construya la obra, es una obra importante, pero no se puede permitir que destruyan la \u00fanica \u00e1rea verde que tiene la zona\u201d, afirma la activista social Belkis Garc\u00eda.<\/p>\n<p>Garc\u00eda agreg\u00f3 que la intervenci\u00f3n que se propone violar\u00eda la disposici\u00f3n de los 30 metros de respeto para cualquier tipo de construcci\u00f3n, como est\u00e1 establecido en la Ley de Medio Ambiente y Recursos Naturales 64-00.<\/p>\n<\/div>\n<p>Impactos: 87<\/p>","protected":false},"excerpt":{"rendered":"<p>Por\u00a0M\u00e1ximo Laureano Cuatro damas residentes en la comunidad de clase media\u00a0Reparto Universitario, a la entrada de\u00a0Santiago de los Caballeros, se apostaron frente a una<\/p>\n","protected":false},"author":3,"featured_media":23436,"comment_status":"closed","ping_status":"closed","sticky":false,"template":"","format":"standard","meta":[],"categories":[9],"tags":[],"_links":{"self":[{"href":"https:\/\/hormigaradio.com\/index.php?rest_route=\/wp\/v2\/posts\/23432"}],"collection":[{"href":"https:\/\/hormigaradio.com\/index.php?rest_route=\/wp\/v2\/posts"}],"about":[{"href":"https:\/\/hormigaradio.com\/index.php?rest_route=\/wp\/v2\/types\/post"}],"author":[{"embeddable":true,"href":"https:\/\/hormigaradio.com\/index.php?rest_route=\/wp\/v2\/users\/3"}],"replies":[{"embeddable":true,"href":"https:\/\/hormigaradio.com\/index.php?rest_route=%2Fwp%2Fv2%2Fcomments&post=23432"}],"version-history":[{"count":3,"href":"https:\/\/hormigaradio.com\/index.php?rest_route=\/wp\/v2\/posts\/23432\/revisions"}],"predecessor-version":[{"id":23435,"href":"https:\/\/hormigaradio.com\/index.php?rest_route=\/wp\/v2\/posts\/23432\/revisions\/23435"}],"wp:featuredmedia":[{"embeddable":true,"href":"https:\/\/hormigaradio.com\/index.php?rest_route=\/wp\/v2\/media\/23436"}],"wp:attachment":[{"href":"https:\/\/hormigaradio.com\/index.php?rest_route=%2Fwp%2Fv2%2Fmedia&parent=23432"}],"wp:term":[{"taxonomy":"category","embeddable":true,"href":"https:\/\/hormigaradio.com\/index.php?rest_route=%2Fwp%2Fv2%2Fcategories&post=23432"},{"taxonomy":"post_tag","embeddable":true,"href":"https:\/\/hormigaradio.com\/index.php?rest_route=%2Fwp%2Fv2%2Ftags&post=23432"}],"curies":[{"name":"wp","href":"https:\/\/api.w.org\/{rel}","templated":true}]}}