{"id":23437,"date":"2025-05-15T02:11:45","date_gmt":"2025-05-15T02:11:45","guid":{"rendered":"https:\/\/hormigaradio.com\/?p=23437"},"modified":"2025-05-15T02:18:00","modified_gmt":"2025-05-15T02:18:00","slug":"reunion-presidente-abinader-ex-presidentes-concluciones","status":"publish","type":"post","link":"https:\/\/hormigaradio.com\/?p=23437","title":{"rendered":"REUNI\u00d3N  PRESIDENTE ABINADER EX PRESIDENTES; CONCLUCIONES:"},"content":{"rendered":"<p><img loading=\"lazy\" class=\"alignnone wp-image-15152\" src=\"http:\/\/hormigaradio.com\/wp-content\/uploads\/2022\/01\/FIRMA-para-Hormiga-Radio-300x158.jpeg\" alt=\"\" width=\"80\" height=\"42\" \/><\/p>\n<p><iframe loading=\"lazy\"  id=\"_ytid_25401\" width=\"715\" height=\"402\"  data-origwidth=\"715\" data-origheight=\"402\"  src=\"https:\/\/www.youtube.com\/embed\/svmZKBVTwW0?enablejsapi=1&#038;autoplay=0&#038;cc_load_policy=0&#038;iv_load_policy=1&#038;loop=0&#038;modestbranding=0&#038;rel=1&#038;fs=1&#038;playsinline=0&#038;autohide=2&#038;theme=dark&#038;color=red&#038;controls=1&#038;\" class=\"__youtube_prefs__\" title=\"YouTube player\"  allow=\"autoplay; encrypted-media\" allowfullscreen data-no-lazy=\"1\" data-skipgform_ajax_framebjll=\"\"><\/iframe><\/p>\n<p>Como vocero del presidente Luis Abinader, anfitri\u00f3n de esta reuni\u00f3n, me corresponde dar lectura al comunicado conjunto que recoge los temas tratados en el encuentro sostenido Muy por el presidente de la Rep\u00fablica, Luis Abinader, con los expresidentes: Leonel Fern\u00e1ndez, Hip\u00f3lito Mej\u00eda y Danilo Medina.<\/p>\n<p>Me acompa\u00f1an para este prop\u00f3sito: Nathanael Concepci\u00f3n y Omar Liriano, en representaci\u00f3n del expresidente Leonel Fern\u00e1ndez; H\u00e9ctor Olivo y Joselito Feliz en representaci\u00f3n del expresidente Danilo Medina; y quien les habla, Homero Figueroa y Daniel Garcia Archibald como representantes tambi\u00e9n del expresidente Hip\u00f3lito Mej\u00eda.<\/p>\n<p>En un hecho hist\u00f3rico sin precedentes en la vida democr\u00e1tica de la Rep\u00fablica Dominicana, los expresidentes Leonel Fern\u00e1ndez, Hip\u00f3lito Mej\u00eda y Danilo Medina se reunieron hoy, por invitaci\u00f3n del presidente constitucional de la Rep\u00fablica, Luis Abinader, para abordar de manera franca, patri\u00f3tica y unitaria la crisis que afecta a la vecina Rep\u00fablica de Hait\u00ed y su impacto en la seguridad, la econom\u00eda.<\/p>\n<p>La reuni\u00f3n tuvo una duraci\u00f3n de dos horas, en la que el presidente Abinader, junto a los funcionarios designados \u2014el Ministro de Relaciones Exteriores, Roberto \u00c1lavarez, el Ministro de Defensa, teniente general Onofre Fern\u00e1dez, el Comandante General del Ej\u00e9rcito, mayor general Jorge Camino, \u00a0el Director del DNI, Luis Soto, y el Director General de Migraci\u00f3n, vicealmirante Lee Ballester\u2014 realizaron una presentaci\u00f3n detallada sobre la situaci\u00f3n internacional actual, la realidad de la frontera, los desaf\u00edos de seguridad y la din\u00e1mica migratoria. Adem\u00e1s, estuvo presente el embajador domicano ante la Rep\u00fablica de Hait\u00ed, Faruk Miguel.<\/p>\n<p>Despu\u00e9s de la presentaci\u00f3n, el presidente Abinader sostuvo un encuentro privado con los tres expresidentes, en el que se compartieron valoraciones estrat\u00e9gicas y se reafirm\u00f3 la voluntad de construir una postura com\u00fan frente a la gravedad de la crisis haitiana y sus implicaciones para la Rep\u00fablica Dominicana.<\/p>\n<p>Como resultado de este di\u00e1logo, se acord\u00f3 lo siguiente:<\/p>\n<ol>\n<li>Conformar espacios de trabajo conjunto y bilaterales para la definici\u00f3n de una pol\u00edtica nacional sobre Hait\u00ed.<\/li>\n<li>Convocar formalmente al Consejo Econ\u00f3mico y Social (CES), como instancia institucional para discutir y consensuar propuestas concretas. A esta primera sesi\u00f3n asistir\u00e1n el presidente Abinader y los tres expresidentes, en un gesto firme de unidad nacional.<\/li>\n<li>Entregar un informe peri\u00f3dico a los expresidentes sobre el estado de la seguridad nacional con respecto a la situaci\u00f3n en Hait\u00ed.<\/li>\n<li>Se acord\u00f3 discutir, aprobar y promover una politica exterior unificada y conjunta sobre las implicaciones de la situaci\u00f3n haitiana; para lograrlo, el presidente Abinader sostendr\u00e1 encuentos bilaterales, en los pr\u00f3ximos d\u00edas, con los expresidentes.<\/li>\n<\/ol>\n<p>Los expresidentes mostraron una actitud responsable de escucha y entendimiento, lo que permiti\u00f3 un intercambio respetuoso y productivo sobre un tema de alta sensibilidad nacional.<\/p>\n<p><strong>Sobre la situaci\u00f3n de Hait\u00ed<\/strong><\/p>\n<p>Los participantes coincidieron en que Hait\u00ed atraviesa una de las peores crisis humanitarias, institucionales y de seguridad de su historia reciente. La ausencia de un gobierno funcional, el control territorial de bandas armadas y la incapacidad del Estado haitiano para garantizar derechos b\u00e1sicos a su poblaci\u00f3n generan una situaci\u00f3n de inestabilidad que amenaza no solo a la poblaci\u00f3n haitiana, sino a toda la regi\u00f3n.<\/p>\n<p><strong>Sobre la pol\u00edtica exterior dominicana<\/strong><\/p>\n<p>Se reconoci\u00f3 el esfuerzo sostenido del Gobierno dominicano, encabezado por el presidente Abinader, para alertar a la comunidad internacional sobre la gravedad de esta crisis. Se valoraron positivamente las m\u00faltiples gestiones diplom\u00e1ticas ante el Consejo de Seguridad de las Naciones Unidas, la OEA, CARICOM, Estados Unidos, Canad\u00e1 y la Uni\u00f3n Europea, la comunidad internacional en general, as\u00ed como el liderazgo que ha asumido la Rep\u00fablica Dominicana al exigir una respuesta urgente, coordinada y efectiva en respaldo a la Misi\u00f3n Multinacional de Apoyo de la Polic\u00eda Nacional de Hait\u00ed, liderada por Kenia.<\/p>\n<p>&nbsp;<\/p>\n<p><strong>Sobre las medidas en la frontera<\/strong><\/p>\n<p>&nbsp;<\/p>\n<p>Los expresidentes conocieron los detalles de las acciones implementadas para reforzar el control fronterizo, incluyendo la construcci\u00f3n de la verja perimetral inteligente, el despliegue permanente de tropas especializadas y el uso de tecnolog\u00eda avanzada para la vigilancia y protecci\u00f3n del territorio. Coincidieron en que estas medidas son esenciales para preservar la integridad territorial, enfrentar el tr\u00e1fico il\u00edcito de personas y mercanc\u00edas, y salvaguardar el orden p\u00fablico.<\/p>\n<p>&nbsp;<\/p>\n<p>Asimismo, destacaron la importancia del desarrollo integral de las provincias fronterizas como parte de una estrategia nacional de seguridad y crecimiento. Se valor\u00f3 el impulso a proyectos de infraestructura, educaci\u00f3n, salud y empleo en la zona fronteriza como clave para reducir vulnerabilidades estructurales.<\/p>\n<p>&nbsp;<\/p>\n<p><strong>Sobre la migraci\u00f3n y el control de la ilegalidad<\/strong><\/p>\n<p>&nbsp;<\/p>\n<p>Los participantes del di\u00e1logo reafirmaron la necesidad de aplicar la ley migratoria con firmeza y respeto a los derechos humanos. Respaldaron los operativos de repatriaci\u00f3n de personas en situaci\u00f3n migratoria irregular, realizados bajo los marcos legales nacionales e internacionales.<\/p>\n<p>&nbsp;<\/p>\n<p>Se insisti\u00f3 en que la Rep\u00fablica Dominicana no puede cargar sola con las consecuencias de la crisis haitiana, y que la soluci\u00f3n duradera a este drama solo puede lograrse en el propio territorio haitiano, con el apoyo decidido de la comunidad internacional. Se reafirm\u00f3 que no hay, ni habr\u00e1, soluci\u00f3n dominicana a la crisis de Hait\u00ed.<\/p>\n<p>&nbsp;<\/p>\n<p><strong>Compromiso con la unidad nacional<\/strong><\/p>\n<p>&nbsp;<\/p>\n<p>Este encuentro constituye un hito en la historia democratica reciente del pa\u00eds. Representa un acto de madurez pol\u00edtica y un mensaje claro de unidad frente a un desaf\u00edo que interpela a toda la naci\u00f3n.<\/p>\n<p>&nbsp;<\/p>\n<p>El presidente Abinader y los expresidentes hacen un llamado a la sociedad dominicana a mantener la cohesi\u00f3n, a respaldar a las instituciones democr\u00e1ticas encargadas de la defensa del territorio y a actuar con responsabilidad, firmeza y visi\u00f3n de futuro.<\/p>\n<p>&nbsp;<\/p>\n<p>La historia registrar\u00e1 este momento como una se\u00f1al de que, por encima de las diferencias, prevalecen siempre el amor por la patria y la voluntad compartida de proteger la soberan\u00eda, la estabilidad, y la democracia de la Rep\u00fablica Dominicana.<\/p>\n<p>&nbsp;<\/p>\n<p>Luis Abinader Corona<\/p>\n<p>Presidente de la Rep\u00fablica<\/p>\n<p>&nbsp;<\/p>\n<p>Leonel Fern\u00e1ndez<\/p>\n<p>Expresidente de la Rep\u00fablica<\/p>\n<p>&nbsp;<\/p>\n<p>Hip\u00f3lito Mej\u00eda<\/p>\n<p>Expresidente de la Rep\u00fablica<\/p>\n<p>&nbsp;<\/p>\n<p>Danilo Medina<\/p>\n<p>Expresidente de la Rep\u00fablica<\/p>\n<p>&nbsp;<\/p>\n<p>Impactos: 58<\/p>","protected":false},"excerpt":{"rendered":"<p>Como vocero del presidente Luis Abinader, anfitri\u00f3n de esta reuni\u00f3n, me corresponde dar lectura al comunicado conjunto que recoge los temas tratados en el<\/p>\n","protected":false},"author":3,"featured_media":23439,"comment_status":"closed","ping_status":"closed","sticky":false,"template":"","format":"standard","meta":[],"categories":[3],"tags":[],"_links":{"self":[{"href":"https:\/\/hormigaradio.com\/index.php?rest_route=\/wp\/v2\/posts\/23437"}],"collection":[{"href":"https:\/\/hormigaradio.com\/index.php?rest_route=\/wp\/v2\/posts"}],"about":[{"href":"https:\/\/hormigaradio.com\/index.php?rest_route=\/wp\/v2\/types\/post"}],"author":[{"embeddable":true,"href":"https:\/\/hormigaradio.com\/index.php?rest_route=\/wp\/v2\/users\/3"}],"replies":[{"embeddable":true,"href":"https:\/\/hormigaradio.com\/index.php?rest_route=%2Fwp%2Fv2%2Fcomments&post=23437"}],"version-history":[{"count":3,"href":"https:\/\/hormigaradio.com\/index.php?rest_route=\/wp\/v2\/posts\/23437\/revisions"}],"predecessor-version":[{"id":23441,"href":"https:\/\/hormigaradio.com\/index.php?rest_route=\/wp\/v2\/posts\/23437\/revisions\/23441"}],"wp:featuredmedia":[{"embeddable":true,"href":"https:\/\/hormigaradio.com\/index.php?rest_route=\/wp\/v2\/media\/23439"}],"wp:attachment":[{"href":"https:\/\/hormigaradio.com\/index.php?rest_route=%2Fwp%2Fv2%2Fmedia&parent=23437"}],"wp:term":[{"taxonomy":"category","embeddable":true,"href":"https:\/\/hormigaradio.com\/index.php?rest_route=%2Fwp%2Fv2%2Fcategories&post=23437"},{"taxonomy":"post_tag","embeddable":true,"href":"https:\/\/hormigaradio.com\/index.php?rest_route=%2Fwp%2Fv2%2Ftags&post=23437"}],"curies":[{"name":"wp","href":"https:\/\/api.w.org\/{rel}","templated":true}]}}