{"id":23458,"date":"2025-05-20T18:45:26","date_gmt":"2025-05-20T18:45:26","guid":{"rendered":"https:\/\/hormigaradio.com\/?p=23458"},"modified":"2025-05-20T19:14:47","modified_gmt":"2025-05-20T19:14:47","slug":"esto-no-se-arregla-con-un-disculpa-si-te-ofendi-faride-raful-difamacion-en-medios-de-fifusion-digital","status":"publish","type":"post","link":"https:\/\/hormigaradio.com\/?p=23458","title":{"rendered":"&#8220;ESTO NO SE ARREGLA CON UN DISCULPA SI TE OFEND\u00cd&#8221; FARIDE RAFUL SOBRE DIFAMACI\u00d3N EN  MEDIOS DE FIFUSI\u00d3N DIGITAL"},"content":{"rendered":"<p><img loading=\"lazy\" class=\"alignnone wp-image-15152\" src=\"http:\/\/hormigaradio.com\/wp-content\/uploads\/2022\/01\/FIRMA-para-Hormiga-Radio-300x158.jpeg\" alt=\"\" width=\"80\" height=\"42\" \/><\/p>\n<p>La ministra de Interior y Polic\u00eda,\u00a0<strong>Faride Raful<\/strong>, denunci\u00f3 este martes ser v\u00edctima de una campa\u00f1a de descr\u00e9dito y chantaje digital, y anunci\u00f3 acciones judiciales en contra de los responsables.<\/p>\n<p>En un video publicado en sus redes sociales, la exsenadora y exdiputada dijo que &#8220;desde hace meses&#8221; es v\u00edctima de &#8220;una campa\u00f1a sistem\u00e1tica de descr\u00e9dito&#8221; que &#8220;ha escalado a niveles inaceptables&#8221;.<\/p>\n<p><iframe loading=\"lazy\"  id=\"_ytid_40984\" width=\"715\" height=\"402\"  data-origwidth=\"715\" data-origheight=\"402\"  src=\"https:\/\/www.youtube.com\/embed\/lp_o8c7C4y4?enablejsapi=1&#038;autoplay=0&#038;cc_load_policy=0&#038;iv_load_policy=1&#038;loop=0&#038;modestbranding=0&#038;rel=1&#038;fs=1&#038;playsinline=0&#038;autohide=2&#038;theme=dark&#038;color=red&#038;controls=1&#038;\" class=\"__youtube_prefs__\" title=\"YouTube player\"  allow=\"autoplay; encrypted-media\" allowfullscreen data-no-lazy=\"1\" data-skipgform_ajax_framebjll=\"\"><\/iframe><\/p>\n<p>&#8230;<\/p>\n<p>Impactos: 36<\/p>","protected":false},"excerpt":{"rendered":"<p>La ministra de Interior y Polic\u00eda,\u00a0Faride Raful, denunci\u00f3 este martes ser v\u00edctima de una campa\u00f1a de descr\u00e9dito y chantaje digital, y anunci\u00f3 acciones judiciales<\/p>\n","protected":false},"author":3,"featured_media":3879,"comment_status":"closed","ping_status":"closed","sticky":false,"template":"","format":"standard","meta":[],"categories":[3],"tags":[],"_links":{"self":[{"href":"https:\/\/hormigaradio.com\/index.php?rest_route=\/wp\/v2\/posts\/23458"}],"collection":[{"href":"https:\/\/hormigaradio.com\/index.php?rest_route=\/wp\/v2\/posts"}],"about":[{"href":"https:\/\/hormigaradio.com\/index.php?rest_route=\/wp\/v2\/types\/post"}],"author":[{"embeddable":true,"href":"https:\/\/hormigaradio.com\/index.php?rest_route=\/wp\/v2\/users\/3"}],"replies":[{"embeddable":true,"href":"https:\/\/hormigaradio.com\/index.php?rest_route=%2Fwp%2Fv2%2Fcomments&post=23458"}],"version-history":[{"count":5,"href":"https:\/\/hormigaradio.com\/index.php?rest_route=\/wp\/v2\/posts\/23458\/revisions"}],"predecessor-version":[{"id":23463,"href":"https:\/\/hormigaradio.com\/index.php?rest_route=\/wp\/v2\/posts\/23458\/revisions\/23463"}],"wp:featuredmedia":[{"embeddable":true,"href":"https:\/\/hormigaradio.com\/index.php?rest_route=\/wp\/v2\/media\/3879"}],"wp:attachment":[{"href":"https:\/\/hormigaradio.com\/index.php?rest_route=%2Fwp%2Fv2%2Fmedia&parent=23458"}],"wp:term":[{"taxonomy":"category","embeddable":true,"href":"https:\/\/hormigaradio.com\/index.php?rest_route=%2Fwp%2Fv2%2Fcategories&post=23458"},{"taxonomy":"post_tag","embeddable":true,"href":"https:\/\/hormigaradio.com\/index.php?rest_route=%2Fwp%2Fv2%2Ftags&post=23458"}],"curies":[{"name":"wp","href":"https:\/\/api.w.org\/{rel}","templated":true}]}}