{"id":23471,"date":"2025-05-22T19:41:27","date_gmt":"2025-05-22T19:41:27","guid":{"rendered":"https:\/\/hormigaradio.com\/?p=23471"},"modified":"2025-05-22T19:42:57","modified_gmt":"2025-05-22T19:42:57","slug":"dos-muertos-y-8-heridos-al-estrellarse-una-avioneta-en-un-barrio-del-sur-de-california","status":"publish","type":"post","link":"https:\/\/hormigaradio.com\/?p=23471","title":{"rendered":"DOS MUERTOS Y 8 HERIDOS AL ESTRELLARSE UNA AVIONETA EN UN BARRIO DEL SUR DE CALIFORNIA"},"content":{"rendered":"<figure><a title=\"Servicios de Acento.com.do\" href=\"https:\/\/acento.com.do\/autor\/servicios.html\"><img class=\"i-amphtml-fill-content i-amphtml-replaced-content\" src=\"https:\/\/media.acento.com.do\/media\/storage02\/uploads\/2023\/06\/Coverimage-user-1-96x96.webp\" alt=\"Servicios de Acento.com.do\" \/><\/a><\/figure>\n<div class=\"extra-holder\">\n<p>Por\u00a0<span class=\"name font-600\"><a title=\"Servicios de Acento.com.do\" href=\"https:\/\/acento.com.do\/autor\/servicios.html\">Servicios de Acento.com.do<\/a><\/span><\/p>\n<\/div>\n<p>Dos personas murieron y otras ocho resultaron heridas este jueves al estrellarse una avioneta en un barrio de San Diego, en el sur de California, provocando un incendio que arras\u00f3 con una decena de casas y oblig\u00f3 a la evacuaci\u00f3n de vecinos y el cierre de carreteras, seg\u00fan inform\u00f3 la Polic\u00eda de San Diego.<\/p>\n<p>&#8220;Se confirmaron al menos dos muertos, ocho heridos y aproximadamente diez edificios da\u00f1ados&#8221;, indic\u00f3 el Departamento de Polic\u00eda de San Diego en X.<\/p>\n<p><iframe loading=\"lazy\" title=\"Avioneta se estrella en un barrio de San Diego, dejando dos muertos y ocho personas heridas\" src=\"https:\/\/geo.dailymotion.com\/player.html?video=x9jzfnw&amp;\" width=\"500\" height=\"625\" frameborder=\"0\" allowfullscreen=\"allowfullscreen\" data-mce-fragment=\"1\"><\/iframe><\/p>\n<p>El accidente ha provocado adem\u00e1s la evacuaci\u00f3n de aproximadamente un centenar de residentes, agreg\u00f3 la instituci\u00f3n.<\/p>\n<section id=\"newsletter\">\n<header class=\"newsletter__header\"><\/header>\n<p class=\"newsletter__disclaimer\">&#8220;Los da\u00f1os que hemos dejado atr\u00e1s son incre\u00edblemente significativos. Fueron de gran peligro para la vida, y gracias a Dios, nadie en tierra muri\u00f3&#8221;, dijo por su parte en una rueda de prensa el representante del distrito 7 del ayuntamiento de San Diego, <strong>Ra\u00fal Campillo<\/strong>.<\/p>\n<\/section>\n<div class=\"gallery\">\n<figure class=\"gallery-item\"><img sizes=\"(max-width: 360px) 320px, 700px\" srcset=\"https:\/\/media.acento.com.do\/media\/storage02\/uploads\/2025\/05\/WhatsApp-Image-2025-05-22-at-5.02.20-PM-728x410.webp 360w, https:\/\/media.acento.com.do\/media\/storage02\/uploads\/2025\/05\/WhatsApp-Image-2025-05-22-at-5.02.20-PM-360x203.webp 728w\" alt=\"\" \/><figcaption class=\"gallery-caption\">1 de 5\u00a0|<\/figcaption><\/figure>\n<figure class=\"gallery-item\"><img sizes=\"(max-width: 360px) 320px, 700px\" srcset=\"https:\/\/media.acento.com.do\/media\/storage02\/uploads\/2025\/05\/WhatsApp-Image-2025-05-22-at-5.03.46-PM-728x409.webp 360w, https:\/\/media.acento.com.do\/media\/storage02\/uploads\/2025\/05\/WhatsApp-Image-2025-05-22-at-5.03.46-PM-360x202.webp 728w\" alt=\"\" \/><figcaption class=\"gallery-caption\">2 de 5\u00a0|<\/figcaption><\/figure>\n<figure class=\"gallery-item\"><img sizes=\"(max-width: 360px) 320px, 700px\" srcset=\"https:\/\/media.acento.com.do\/media\/storage02\/uploads\/2025\/05\/WhatsApp-Image-2025-05-22-at-5.03.36-PM-728x409.webp 360w, https:\/\/media.acento.com.do\/media\/storage02\/uploads\/2025\/05\/WhatsApp-Image-2025-05-22-at-5.03.36-PM-360x202.webp 728w\" alt=\"\" \/><figcaption class=\"gallery-caption\">3 de 5\u00a0|<\/figcaption><\/figure>\n<figure class=\"gallery-item\"><img sizes=\"(max-width: 360px) 320px, 700px\" srcset=\"https:\/\/media.acento.com.do\/media\/storage02\/uploads\/2025\/05\/WhatsApp-Image-2025-05-22-at-5.03.10-PM-728x354.webp 360w, https:\/\/media.acento.com.do\/media\/storage02\/uploads\/2025\/05\/WhatsApp-Image-2025-05-22-at-5.03.10-PM-360x175.webp 728w\" alt=\"\" \/><figcaption class=\"gallery-caption\">4 de 5\u00a0|<\/figcaption><\/figure>\n<figure class=\"gallery-item\"><img sizes=\"(max-width: 360px) 320px, 700px\" srcset=\"https:\/\/media.acento.com.do\/media\/storage02\/uploads\/2025\/05\/WhatsApp-Image-2025-05-22-at-5.01.51-PM.webp 360w, https:\/\/media.acento.com.do\/media\/storage02\/uploads\/2025\/05\/WhatsApp-Image-2025-05-22-at-5.01.51-PM-360x203.webp 728w\" alt=\"\" \/><figcaption class=\"gallery-caption\">5 de 5\u00a0|<\/figcaption><\/figure>\n<\/div>\n<p>Las autoridades todav\u00eda desconocen el n\u00famero de pasajeros a bordo del aparato, un Cessna 550, que puede transportar a entre ocho y diez personas.<\/p>\n<div class=\"banner-box\"><\/div>\n<figure class=\"no-caption\"><img class=\"i-amphtml-fill-content i-amphtml-replaced-content\" title=\"Dos muertos y 8 heridos al estrellarse una avioneta en un barrio del sur de California\" src=\"https:\/\/media.acento.com.do\/media\/storage02\/uploads\/2025\/05\/policia-de-San-Diego.webp\" alt=\"Dos muertos y 8 heridos al estrellarse una avioneta en un barrio del sur de California\" \/><\/figure>\n<p>La avioneta se estrell\u00f3 en un vecindario cercano al Aeropuerto Ejecutivo Montgomery-Gibbs en California, alrededor de las 03:45 hora local (10:45 GMT).<\/p>\n<div class=\"con-tags-container\">\n<p class=\"con-tags__kicker\">\n<\/div>\n<p>Impactos: 36<\/p>","protected":false},"excerpt":{"rendered":"<p>Por\u00a0Servicios de Acento.com.do Dos personas murieron y otras ocho resultaron heridas este jueves al estrellarse una avioneta en un barrio de San Diego, en<\/p>\n","protected":false},"author":3,"featured_media":23473,"comment_status":"closed","ping_status":"closed","sticky":false,"template":"","format":"standard","meta":[],"categories":[3],"tags":[],"_links":{"self":[{"href":"https:\/\/hormigaradio.com\/index.php?rest_route=\/wp\/v2\/posts\/23471"}],"collection":[{"href":"https:\/\/hormigaradio.com\/index.php?rest_route=\/wp\/v2\/posts"}],"about":[{"href":"https:\/\/hormigaradio.com\/index.php?rest_route=\/wp\/v2\/types\/post"}],"author":[{"embeddable":true,"href":"https:\/\/hormigaradio.com\/index.php?rest_route=\/wp\/v2\/users\/3"}],"replies":[{"embeddable":true,"href":"https:\/\/hormigaradio.com\/index.php?rest_route=%2Fwp%2Fv2%2Fcomments&post=23471"}],"version-history":[{"count":1,"href":"https:\/\/hormigaradio.com\/index.php?rest_route=\/wp\/v2\/posts\/23471\/revisions"}],"predecessor-version":[{"id":23472,"href":"https:\/\/hormigaradio.com\/index.php?rest_route=\/wp\/v2\/posts\/23471\/revisions\/23472"}],"wp:featuredmedia":[{"embeddable":true,"href":"https:\/\/hormigaradio.com\/index.php?rest_route=\/wp\/v2\/media\/23473"}],"wp:attachment":[{"href":"https:\/\/hormigaradio.com\/index.php?rest_route=%2Fwp%2Fv2%2Fmedia&parent=23471"}],"wp:term":[{"taxonomy":"category","embeddable":true,"href":"https:\/\/hormigaradio.com\/index.php?rest_route=%2Fwp%2Fv2%2Fcategories&post=23471"},{"taxonomy":"post_tag","embeddable":true,"href":"https:\/\/hormigaradio.com\/index.php?rest_route=%2Fwp%2Fv2%2Ftags&post=23471"}],"curies":[{"name":"wp","href":"https:\/\/api.w.org\/{rel}","templated":true}]}}