{"id":23486,"date":"2025-05-26T20:14:10","date_gmt":"2025-05-26T20:14:10","guid":{"rendered":"https:\/\/hormigaradio.com\/?p=23486"},"modified":"2025-05-26T20:18:27","modified_gmt":"2025-05-26T20:18:27","slug":"feria-sorprende-a-mama-de-cooperativa-la-altagracia","status":"publish","type":"post","link":"https:\/\/hormigaradio.com\/?p=23486","title":{"rendered":"FERIA &#8220;SORPRENDE A MAM\u00c1&#8221; DE COOPERATIVA LA ALTAGRACIA"},"content":{"rendered":"<p><img loading=\"lazy\" class=\"alignnone wp-image-15152\" src=\"http:\/\/hormigaradio.com\/wp-content\/uploads\/2022\/01\/FIRMA-para-Hormiga-Radio-300x158.jpeg\" alt=\"\" width=\"80\" height=\"42\" \/><\/p>\n<p>Cooperativa La Altagracia recuerda a todos sus asociados que a\u00fan est\u00e1n a tiempo de aprovechar su tradicional Feria &#8220;Sorprende a Mam\u00e1&#8221;, la cual estar\u00e1 vigente hasta este s\u00e1bado 31 de mayo.<\/p>\n<p>Desde el lunes 12, Cooperativa La Altagracia ha puesto a disposici\u00f3n de todos sus asociados una amplia selecci\u00f3n de productos ideales para homenajear a las madres en su mes. Si a\u00fan no has elegido ese detalle especial, todav\u00eda est\u00e1s a tiempo de hacerlo con atractivas facilidades de financiamiento.<\/p>\n<p><img loading=\"lazy\" class=\"aligncenter wp-image-23490 size-large\" src=\"http:\/\/hormigaradio.com\/wp-content\/uploads\/2025\/05\/Feria-mama-CLA-2-1024x584.jpg\" alt=\"\" width=\"715\" height=\"408\" srcset=\"https:\/\/hormigaradio.com\/wp-content\/uploads\/2025\/05\/Feria-mama-CLA-2-1024x584.jpg 1024w, https:\/\/hormigaradio.com\/wp-content\/uploads\/2025\/05\/Feria-mama-CLA-2-300x171.jpg 300w, https:\/\/hormigaradio.com\/wp-content\/uploads\/2025\/05\/Feria-mama-CLA-2-768x438.jpg 768w, https:\/\/hormigaradio.com\/wp-content\/uploads\/2025\/05\/Feria-mama-CLA-2-1536x876.jpg 1536w, https:\/\/hormigaradio.com\/wp-content\/uploads\/2025\/05\/Feria-mama-CLA-2.jpg 1600w\" sizes=\"(max-width: 715px) 100vw, 715px\" \/><\/p>\n<p>Este a\u00f1o, participan todos los proveedores habituales en categor\u00edas como electrodom\u00e9sticos, muebles, ferreter\u00eda, veh\u00edculos (dealers), art\u00edculos del hogar, soluciones tecnol\u00f3gicas, paneles solares y viviendas. Si bien Almacenes El Encanto se mantiene como proveedor oficial, la feria cuenta con una variada y competitiva oferta para todos los gustos y presupuestos.<\/p>\n<p>Cooperativa La Altagracia ofrece condiciones excepcionales con tasas desde un 1% mensual en productos como electrodom\u00e9sticos, viviendas y art\u00edculos del hogar, y hasta un 13% anual en financiamiento de veh\u00edculos. \u00a1No hay excusas para no sorprender a mam\u00e1 con el regalo de sus sue\u00f1os!<\/p>\n<p>En Cooperativa La Altagracia celebramos el mes de las madres con la alegr\u00eda y gratitud que merecen esas mujeres que son ejemplo de amor, entrega y fortaleza. Esta feria no solo es una oportunidad para consentirlas, sino tambi\u00e9n una forma de reafirmar nuestro compromiso con el bienestar de cada familia asociada.<\/p>\n<p>Para m\u00e1s informaci\u00f3n pueden seguir las redes sociales de Cooperativa La Altagracia: @coopaltagracia<\/p>\n<p>\u00a1Porque mam\u00e1 se merece el mejor regalo y t\u00fa las mejores condiciones de pago!<\/p>\n<p><img loading=\"lazy\" class=\"alignnone wp-image-23491 size-large\" src=\"http:\/\/hormigaradio.com\/wp-content\/uploads\/2025\/05\/Feria-mama-CLA-3-1024x584.jpg\" alt=\"\" width=\"715\" height=\"408\" srcset=\"https:\/\/hormigaradio.com\/wp-content\/uploads\/2025\/05\/Feria-mama-CLA-3-1024x584.jpg 1024w, https:\/\/hormigaradio.com\/wp-content\/uploads\/2025\/05\/Feria-mama-CLA-3-300x171.jpg 300w, https:\/\/hormigaradio.com\/wp-content\/uploads\/2025\/05\/Feria-mama-CLA-3-768x438.jpg 768w, https:\/\/hormigaradio.com\/wp-content\/uploads\/2025\/05\/Feria-mama-CLA-3-1536x876.jpg 1536w, https:\/\/hormigaradio.com\/wp-content\/uploads\/2025\/05\/Feria-mama-CLA-3.jpg 1600w\" sizes=\"(max-width: 715px) 100vw, 715px\" \/><\/p>\n<p>Impactos: 34<\/p>","protected":false},"excerpt":{"rendered":"<p>Cooperativa La Altagracia recuerda a todos sus asociados que a\u00fan est\u00e1n a tiempo de aprovechar su tradicional Feria &#8220;Sorprende a Mam\u00e1&#8221;, la cual estar\u00e1<\/p>\n","protected":false},"author":3,"featured_media":23488,"comment_status":"closed","ping_status":"closed","sticky":false,"template":"","format":"standard","meta":[],"categories":[3],"tags":[],"_links":{"self":[{"href":"https:\/\/hormigaradio.com\/index.php?rest_route=\/wp\/v2\/posts\/23486"}],"collection":[{"href":"https:\/\/hormigaradio.com\/index.php?rest_route=\/wp\/v2\/posts"}],"about":[{"href":"https:\/\/hormigaradio.com\/index.php?rest_route=\/wp\/v2\/types\/post"}],"author":[{"embeddable":true,"href":"https:\/\/hormigaradio.com\/index.php?rest_route=\/wp\/v2\/users\/3"}],"replies":[{"embeddable":true,"href":"https:\/\/hormigaradio.com\/index.php?rest_route=%2Fwp%2Fv2%2Fcomments&post=23486"}],"version-history":[{"count":3,"href":"https:\/\/hormigaradio.com\/index.php?rest_route=\/wp\/v2\/posts\/23486\/revisions"}],"predecessor-version":[{"id":23492,"href":"https:\/\/hormigaradio.com\/index.php?rest_route=\/wp\/v2\/posts\/23486\/revisions\/23492"}],"wp:featuredmedia":[{"embeddable":true,"href":"https:\/\/hormigaradio.com\/index.php?rest_route=\/wp\/v2\/media\/23488"}],"wp:attachment":[{"href":"https:\/\/hormigaradio.com\/index.php?rest_route=%2Fwp%2Fv2%2Fmedia&parent=23486"}],"wp:term":[{"taxonomy":"category","embeddable":true,"href":"https:\/\/hormigaradio.com\/index.php?rest_route=%2Fwp%2Fv2%2Fcategories&post=23486"},{"taxonomy":"post_tag","embeddable":true,"href":"https:\/\/hormigaradio.com\/index.php?rest_route=%2Fwp%2Fv2%2Ftags&post=23486"}],"curies":[{"name":"wp","href":"https:\/\/api.w.org\/{rel}","templated":true}]}}