{"id":23510,"date":"2025-05-30T02:54:49","date_gmt":"2025-05-30T02:54:49","guid":{"rendered":"https:\/\/hormigaradio.com\/?p=23510"},"modified":"2025-05-30T03:14:48","modified_gmt":"2025-05-30T03:14:48","slug":"ricardo-fondeur-gana-por-cuatro-votos-reeleccion-en-elecciones-del-cdes-santiago","status":"publish","type":"post","link":"https:\/\/hormigaradio.com\/?p=23510","title":{"rendered":"RICARDO FONDEUR GANA POR CUATRO  VOTOS REELECCI\u00d3N EN ELECCIONES DEL CDES-SANTIAGO"},"content":{"rendered":"<p>Por\u00a0<span class=\"name font-600\"><a title=\"M\u00e1ximo Laureano\" href=\"https:\/\/acento.com.do\/autor\/mlaureano.html\">M\u00e1ximo Laureano<\/a><\/span><\/p>\n<p>El empresario Ricardo Fondeur Victoria logr\u00f3 la reelecci\u00f3n como presidente del Consejo para el Desarrollo de Santiago (CDES) para el pr\u00f3ximo per\u00edodo, tras alcanzar 37 de los 70 votos validados por la Comisi\u00f3n Electoral, cuatro m\u00e1s que Sandy Filpo.<\/p>\n<p>Fondeur Victoria se impuso al empresario de la radio y la televisi\u00f3n Filpo, con quien libr\u00f3 una campa\u00f1a que sali\u00f3 de los linderos internos de la instituci\u00f3n, que est\u00e1 pr\u00f3xima a cumplir 30 a\u00f1os.<\/p>\n<p>En su discurso en la asamblea, previo a las elecciones, Fondeur destac\u00f3 varios aspectos que seg\u00fan afirm\u00f3 se lograron en su gesti\u00f3n, como sumar nuevos miembros a la instituci\u00f3n, El Ateneo Amantes de la Luz, Inapa, Instrant y otros.<\/p>\n<p>En relaci\u00f3n al proceso de campa\u00f1a, dijo que es normal que hayan aflorado diferencias, pero que jam\u00e1s esas diferencias pod\u00edan estar por encima de los intereses de desarrollo de Santiago.<\/p>\n<section id=\"newsletter\">\n<header class=\"newsletter__header\"><\/header>\n<div style=\"width: 715px;\" class=\"wp-video\"><!--[if lt IE 9]><script>document.createElement('video');<\/script><![endif]-->\n<video class=\"wp-video-shortcode\" id=\"video-23510-1\" width=\"715\" height=\"403\" preload=\"metadata\" controls=\"controls\"><source type=\"video\/mp4\" src=\"http:\/\/hormigaradio.com\/wp-content\/uploads\/2025\/05\/WhatsApp-Video-2025-05-29-at-9.51.19-PM.mp4?_=1\" \/><a href=\"http:\/\/hormigaradio.com\/wp-content\/uploads\/2025\/05\/WhatsApp-Video-2025-05-29-at-9.51.19-PM.mp4\">http:\/\/hormigaradio.com\/wp-content\/uploads\/2025\/05\/WhatsApp-Video-2025-05-29-at-9.51.19-PM.mp4<\/a><\/video><\/div>\n<\/section>\n<p>El empresario agreg\u00f3 que su propuesta es &#8220;una continuidad con prop\u00f3sito&#8221; y valor\u00f3 el trabajo que ha hecho el equipo t\u00e9cnico del Plan Estrat\u00e9gico de Santiago para la articulaci\u00f3n de los proyectos durante su gesti\u00f3n.<\/p>\n<figure id=\"attachment_23514\" aria-describedby=\"caption-attachment-23514\" style=\"width: 289px\" class=\"wp-caption alignnone\"><img loading=\"lazy\" class=\"wp-image-23514 size-medium\" src=\"http:\/\/hormigaradio.com\/wp-content\/uploads\/2025\/05\/RF-2-289x300.jpg\" alt=\"\" width=\"289\" height=\"300\" srcset=\"https:\/\/hormigaradio.com\/wp-content\/uploads\/2025\/05\/RF-2-289x300.jpg 289w, https:\/\/hormigaradio.com\/wp-content\/uploads\/2025\/05\/RF-2-768x799.jpg 768w, https:\/\/hormigaradio.com\/wp-content\/uploads\/2025\/05\/RF-2.jpg 854w\" sizes=\"(max-width: 289px) 100vw, 289px\" \/><figcaption id=\"caption-attachment-23514\" class=\"wp-caption-text\">Ricardo Fondeur.<\/figcaption><\/figure>\n<p>\u201cLas diferencias no deben alejarnos de los intereses de Santiago. El Consejo para el Desarrollo de Santiago no puede ser conducido por el enojo de egos insatisfechos&#8221;, proclam\u00f3 Fondeur Victoria.<\/p>\n<figure class=\"no-caption\"><\/figure>\n<p>Impactos: 60<\/p>","protected":false},"excerpt":{"rendered":"<p>Por\u00a0M\u00e1ximo Laureano El empresario Ricardo Fondeur Victoria logr\u00f3 la reelecci\u00f3n como presidente del Consejo para el Desarrollo de Santiago (CDES) para el pr\u00f3ximo per\u00edodo,<\/p>\n","protected":false},"author":3,"featured_media":23515,"comment_status":"closed","ping_status":"closed","sticky":false,"template":"","format":"standard","meta":[],"categories":[3],"tags":[],"_links":{"self":[{"href":"https:\/\/hormigaradio.com\/index.php?rest_route=\/wp\/v2\/posts\/23510"}],"collection":[{"href":"https:\/\/hormigaradio.com\/index.php?rest_route=\/wp\/v2\/posts"}],"about":[{"href":"https:\/\/hormigaradio.com\/index.php?rest_route=\/wp\/v2\/types\/post"}],"author":[{"embeddable":true,"href":"https:\/\/hormigaradio.com\/index.php?rest_route=\/wp\/v2\/users\/3"}],"replies":[{"embeddable":true,"href":"https:\/\/hormigaradio.com\/index.php?rest_route=%2Fwp%2Fv2%2Fcomments&post=23510"}],"version-history":[{"count":2,"href":"https:\/\/hormigaradio.com\/index.php?rest_route=\/wp\/v2\/posts\/23510\/revisions"}],"predecessor-version":[{"id":23516,"href":"https:\/\/hormigaradio.com\/index.php?rest_route=\/wp\/v2\/posts\/23510\/revisions\/23516"}],"wp:featuredmedia":[{"embeddable":true,"href":"https:\/\/hormigaradio.com\/index.php?rest_route=\/wp\/v2\/media\/23515"}],"wp:attachment":[{"href":"https:\/\/hormigaradio.com\/index.php?rest_route=%2Fwp%2Fv2%2Fmedia&parent=23510"}],"wp:term":[{"taxonomy":"category","embeddable":true,"href":"https:\/\/hormigaradio.com\/index.php?rest_route=%2Fwp%2Fv2%2Fcategories&post=23510"},{"taxonomy":"post_tag","embeddable":true,"href":"https:\/\/hormigaradio.com\/index.php?rest_route=%2Fwp%2Fv2%2Ftags&post=23510"}],"curies":[{"name":"wp","href":"https:\/\/api.w.org\/{rel}","templated":true}]}}