{"id":23528,"date":"2025-06-02T21:32:53","date_gmt":"2025-06-02T21:32:53","guid":{"rendered":"https:\/\/hormigaradio.com\/?p=23528"},"modified":"2025-06-02T21:34:17","modified_gmt":"2025-06-02T21:34:17","slug":"juntas-de-vecinos-reclaman-detener-paso-vehiculos-pesados-por-sus-calles","status":"publish","type":"post","link":"https:\/\/hormigaradio.com\/?p=23528","title":{"rendered":"JUNTAS DE VECINOS RECLAMAN DETENER PASO VEH\u00cdCULOS PESADOS POR SUS CALLES"},"content":{"rendered":"<p>Por\u00a0<span class=\"name font-600\"><a title=\"M\u00e1ximo Laureano\" href=\"https:\/\/acento.com.do\/autor\/mlaureano.html\">M\u00e1ximo Laureano<\/a><\/span><\/p>\n<p>Representantes de diversas organizaciones comunitarias y transportistas de La Ci\u00e9nega, La Delgada, Los Tocones, La Playita, Villa Emilia, Villa Desiree, Brisas del Campo y La Ceniza, en el distrito municipal San Francisco de Jacagua, reclamaron a las autoridades que detengan el paso de veh\u00edculos de carga por sus comunidades.<\/p>\n<p>Para llamar la atenci\u00f3n, los activistas formaron una cadena humana para impedir el paso de los camiones, los cuales \u2014denunciaron\u2014 deterioran sus calles y\u00a0ponen en peligro a los residentes locales.<\/p>\n<p>Los l\u00edderes comunitarios se\u00f1alaron que los camioneros utilizan estas v\u00edas como alternativa para evitar el pago del peaje de la avenida Circunvalaci\u00f3n Norte, usada como opci\u00f3n para el tr\u00e1nsito hacia\u00a0<strong>Puerto Plata<\/strong>\u00a0y las provincias de la L\u00ednea Noroeste, sin tener que entrar al centro urbano de\u00a0<strong>Santiago de los Caballeros<\/strong>.<\/p>\n<section id=\"newsletter\">\n<header class=\"newsletter__header\"><\/header>\n<p class=\"newsletter__disclaimer\">Adem\u00e1s del deterioro de las calles, se quejan de que los camiones circulan a alta velocidad, lo que pone en riesgo la vida de los residentes, en especial la de los ni\u00f1os que se trasladan a los centros educativos.<\/p>\n<\/section>\n<p>Tambi\u00e9n denunciaron que ya ha habido accidentes que han afectado a personas de estas comunidades, raz\u00f3n por la cual se manifestaron para reclamar que se asuma el control de esta situaci\u00f3n.<\/p>\n<p>Impactos: 46<\/p>","protected":false},"excerpt":{"rendered":"<p>Por\u00a0M\u00e1ximo Laureano Representantes de diversas organizaciones comunitarias y transportistas de La Ci\u00e9nega, La Delgada, Los Tocones, La Playita, Villa Emilia, Villa Desiree, Brisas del<\/p>\n","protected":false},"author":3,"featured_media":23530,"comment_status":"closed","ping_status":"closed","sticky":false,"template":"","format":"standard","meta":[],"categories":[8],"tags":[],"_links":{"self":[{"href":"https:\/\/hormigaradio.com\/index.php?rest_route=\/wp\/v2\/posts\/23528"}],"collection":[{"href":"https:\/\/hormigaradio.com\/index.php?rest_route=\/wp\/v2\/posts"}],"about":[{"href":"https:\/\/hormigaradio.com\/index.php?rest_route=\/wp\/v2\/types\/post"}],"author":[{"embeddable":true,"href":"https:\/\/hormigaradio.com\/index.php?rest_route=\/wp\/v2\/users\/3"}],"replies":[{"embeddable":true,"href":"https:\/\/hormigaradio.com\/index.php?rest_route=%2Fwp%2Fv2%2Fcomments&post=23528"}],"version-history":[{"count":1,"href":"https:\/\/hormigaradio.com\/index.php?rest_route=\/wp\/v2\/posts\/23528\/revisions"}],"predecessor-version":[{"id":23529,"href":"https:\/\/hormigaradio.com\/index.php?rest_route=\/wp\/v2\/posts\/23528\/revisions\/23529"}],"wp:featuredmedia":[{"embeddable":true,"href":"https:\/\/hormigaradio.com\/index.php?rest_route=\/wp\/v2\/media\/23530"}],"wp:attachment":[{"href":"https:\/\/hormigaradio.com\/index.php?rest_route=%2Fwp%2Fv2%2Fmedia&parent=23528"}],"wp:term":[{"taxonomy":"category","embeddable":true,"href":"https:\/\/hormigaradio.com\/index.php?rest_route=%2Fwp%2Fv2%2Fcategories&post=23528"},{"taxonomy":"post_tag","embeddable":true,"href":"https:\/\/hormigaradio.com\/index.php?rest_route=%2Fwp%2Fv2%2Ftags&post=23528"}],"curies":[{"name":"wp","href":"https:\/\/api.w.org\/{rel}","templated":true}]}}