{"id":23531,"date":"2025-06-02T22:12:44","date_gmt":"2025-06-02T22:12:44","guid":{"rendered":"https:\/\/hormigaradio.com\/?p=23531"},"modified":"2025-06-02T22:12:44","modified_gmt":"2025-06-02T22:12:44","slug":"paliza-propone-a-luis-abinader-como-presidente-del-prm","status":"publish","type":"post","link":"https:\/\/hormigaradio.com\/?p=23531","title":{"rendered":"PALIZA PROPONE A LUIS ABINADER COMO PRESIDENTE DEL PRM"},"content":{"rendered":"<div class=\"article-audio-container\">\n<div class=\"audio-btns-holder\">Por <span class=\"name font-600\"><a title=\"Katheryn Luna\" href=\"https:\/\/acento.com.do\/autor\/kluna.html\">Katheryn Luna<\/a><\/span><\/div>\n<div><\/div>\n<\/div>\n<div class=\"banner-box\"><iframe loading=\"lazy\" title=\"Paliza propone a Luis Abinader como presidente del PRM\" src=\"https:\/\/geo.dailymotion.com\/player.html?video=x9knvl2&amp;\" width=\"500\" height=\"625\" frameborder=\"0\" allowfullscreen=\"allowfullscreen\" data-mce-fragment=\"1\"><\/iframe><\/div>\n<div class=\"article-body\">\n<p>El ministro de la Presidencia,\u00a0<strong>Jos\u00e9 Ignacio Paliza<\/strong>, sugiri\u00f3 al presidente\u00a0<strong>Luis Abinader<\/strong>\u00a0para que en el futuro asuma la presidencia del Partido Revolucionario Moderno\u00a0<strong>(PRM),<\/strong>\u00a0debido a la fortaleza de su liderazgo y frente al trabajo que esa organizaci\u00f3n tiene con miras al 2028.<\/p>\n<p><strong>Paliza<\/strong>\u00a0dijo que espera que\u00a0<strong>Abinader<\/strong>\u00a0acepte su propuesta, aclarando que es una decisi\u00f3n que a\u00fan el mandatario no ha tomado.<\/p>\n<p>\u201cEs una decisi\u00f3n que \u00e9l no ha tomado, es una sugerencia m\u00eda por la fortaleza de su liderazgo y frente a todo el trabajo que le partido tiene con miras al 2028\u201d, expres\u00f3.<\/p>\n<section id=\"newsletter\">\n<header class=\"newsletter__header\"><\/header>\n<p class=\"newsletter__disclaimer\">Asimismo, dijo que de aceptar, el presidente deber\u00e1 de acompa\u00f1arse de una estructura de dirigentes que puedan colaborar o contribuir a buscar armon\u00eda con los futuros aspirantes a la presidencia de la Rep\u00fablica.<\/p>\n<\/section>\n<p>\u201cPero todo tiene su tiempo, el tiempo de aspirar a posiciones internas del partido est\u00e1 pautada para el a\u00f1o pr\u00f3ximo\u201d, dijo.<\/p>\n<p>Indic\u00f3 que su principal sugerencia es esperar, y que hasta el momento no existe en el partido un nivel de competencia que pueda generar un \u201cmomento de dificultad partidaria\u201d.<\/p>\n<p><strong>Paliza<\/strong>\u00a0se refiri\u00f3 al tema durante la presentaci\u00f3n de la \u201cEvaluaci\u00f3n General del Marco Ambiental y Social de la Rep\u00fablica Dominicana\u201d realizada por el\u00a0<strong>Banco Mundial<\/strong>.<\/p>\n<\/div>\n<p>Impactos: 53<\/p>","protected":false},"excerpt":{"rendered":"<p>Por Katheryn Luna El ministro de la Presidencia,\u00a0Jos\u00e9 Ignacio Paliza, sugiri\u00f3 al presidente\u00a0Luis Abinader\u00a0para que en el futuro asuma la presidencia del Partido Revolucionario<\/p>\n","protected":false},"author":3,"featured_media":10290,"comment_status":"closed","ping_status":"closed","sticky":false,"template":"","format":"standard","meta":[],"categories":[6],"tags":[],"_links":{"self":[{"href":"https:\/\/hormigaradio.com\/index.php?rest_route=\/wp\/v2\/posts\/23531"}],"collection":[{"href":"https:\/\/hormigaradio.com\/index.php?rest_route=\/wp\/v2\/posts"}],"about":[{"href":"https:\/\/hormigaradio.com\/index.php?rest_route=\/wp\/v2\/types\/post"}],"author":[{"embeddable":true,"href":"https:\/\/hormigaradio.com\/index.php?rest_route=\/wp\/v2\/users\/3"}],"replies":[{"embeddable":true,"href":"https:\/\/hormigaradio.com\/index.php?rest_route=%2Fwp%2Fv2%2Fcomments&post=23531"}],"version-history":[{"count":1,"href":"https:\/\/hormigaradio.com\/index.php?rest_route=\/wp\/v2\/posts\/23531\/revisions"}],"predecessor-version":[{"id":23532,"href":"https:\/\/hormigaradio.com\/index.php?rest_route=\/wp\/v2\/posts\/23531\/revisions\/23532"}],"wp:featuredmedia":[{"embeddable":true,"href":"https:\/\/hormigaradio.com\/index.php?rest_route=\/wp\/v2\/media\/10290"}],"wp:attachment":[{"href":"https:\/\/hormigaradio.com\/index.php?rest_route=%2Fwp%2Fv2%2Fmedia&parent=23531"}],"wp:term":[{"taxonomy":"category","embeddable":true,"href":"https:\/\/hormigaradio.com\/index.php?rest_route=%2Fwp%2Fv2%2Fcategories&post=23531"},{"taxonomy":"post_tag","embeddable":true,"href":"https:\/\/hormigaradio.com\/index.php?rest_route=%2Fwp%2Fv2%2Ftags&post=23531"}],"curies":[{"name":"wp","href":"https:\/\/api.w.org\/{rel}","templated":true}]}}