{"id":23544,"date":"2025-06-04T03:44:40","date_gmt":"2025-06-04T03:44:40","guid":{"rendered":"https:\/\/hormigaradio.com\/?p=23544"},"modified":"2025-06-04T03:44:40","modified_gmt":"2025-06-04T03:44:40","slug":"choferes-protestan-por-inclusion-de-nuevos-autobuses-a-corredores-de-la-omsa","status":"publish","type":"post","link":"https:\/\/hormigaradio.com\/?p=23544","title":{"rendered":"CHOFERES PROTESTAN POR INCLUSI\u00d3N DE NUEVOS AUTOBUSES A CORREDORES DE LA OMSA"},"content":{"rendered":"<p>Por\u00a0<span class=\"name font-600\"><a title=\"Evelin Valdez\" href=\"https:\/\/acento.com.do\/autor\/evaldez.html\">Evelin Valdez<\/a><\/span><\/p>\n<p>Choferes de las rutas de pasajeros de las rutas que conectan el distrito municipal de Hato del Yaque con el centro de la ciudad de Santiago realizaron un paro este martes, en protesta por la inclusi\u00f3n de nuevos autobuses a los corredores de la OMSA.<\/p>\n<p>Tanto los choferes de la ruta de carros HV como los de minibuses mostraron su rechazo a la operaci\u00f3n de los los autobuses que ser\u00edan asignados por el Gobierno al corredor de la OMSA, Hato del Yaque-Gurabo.<\/p>\n<p>Otros puntos que ser\u00edan beneficiados por la OMSA son La Herradura, La Barranquita, centro de la ciudad, as\u00ed como los estudiantes, de las UASD y O&amp;M.<\/p>\n<p>&nbsp;<\/p>\n<section id=\"newsletter\">\n<header class=\"newsletter__header\"><\/header>\n<p class=\"newsletter__disclaimer\">Los conductores del transporte p\u00fablico se sienten afectados por la decisi\u00f3n del Gobierno. La manifestaci\u00f3n gener\u00f3 un caos entre los usuarios de las rutas que pararon sus labores.<\/p>\n<\/section>\n<p>Seg\u00fan choferes de la ruta PA esta acci\u00f3n tambi\u00e9n les afecta, ya que el Gobierno pretende aumentar los corredores de OMSA hacia el \u00e1rea del municipio Pu\u00f1al y zonas aleda\u00f1as.<\/p>\n<p>Desde el Gobierno se anunci\u00f3 en su primera gesti\u00f3n la incorporaci\u00f3n de autobuses para disminuir la espera de los usuarios en las paradas.<\/p>\n<p>Usuarios de las rutas de Hato del Yaque-Gurabo y otros expresaron a esta redacci\u00f3n que apoyan la decisi\u00f3n del Gobierno de sumar m\u00e1s autobuses a los corredores, sobretodo ahora que los carros son menos, por los trabajos del Monorriel.<\/p>\n<div class=\"con-tags-container\">\n<p class=\"con-tags__kicker\">\n<\/div>\n<p>Impactos: 54<\/p>","protected":false},"excerpt":{"rendered":"<p>Por\u00a0Evelin Valdez Choferes de las rutas de pasajeros de las rutas que conectan el distrito municipal de Hato del Yaque con el centro de<\/p>\n","protected":false},"author":3,"featured_media":23545,"comment_status":"closed","ping_status":"closed","sticky":false,"template":"","format":"standard","meta":[],"categories":[8],"tags":[],"_links":{"self":[{"href":"https:\/\/hormigaradio.com\/index.php?rest_route=\/wp\/v2\/posts\/23544"}],"collection":[{"href":"https:\/\/hormigaradio.com\/index.php?rest_route=\/wp\/v2\/posts"}],"about":[{"href":"https:\/\/hormigaradio.com\/index.php?rest_route=\/wp\/v2\/types\/post"}],"author":[{"embeddable":true,"href":"https:\/\/hormigaradio.com\/index.php?rest_route=\/wp\/v2\/users\/3"}],"replies":[{"embeddable":true,"href":"https:\/\/hormigaradio.com\/index.php?rest_route=%2Fwp%2Fv2%2Fcomments&post=23544"}],"version-history":[{"count":1,"href":"https:\/\/hormigaradio.com\/index.php?rest_route=\/wp\/v2\/posts\/23544\/revisions"}],"predecessor-version":[{"id":23546,"href":"https:\/\/hormigaradio.com\/index.php?rest_route=\/wp\/v2\/posts\/23544\/revisions\/23546"}],"wp:featuredmedia":[{"embeddable":true,"href":"https:\/\/hormigaradio.com\/index.php?rest_route=\/wp\/v2\/media\/23545"}],"wp:attachment":[{"href":"https:\/\/hormigaradio.com\/index.php?rest_route=%2Fwp%2Fv2%2Fmedia&parent=23544"}],"wp:term":[{"taxonomy":"category","embeddable":true,"href":"https:\/\/hormigaradio.com\/index.php?rest_route=%2Fwp%2Fv2%2Fcategories&post=23544"},{"taxonomy":"post_tag","embeddable":true,"href":"https:\/\/hormigaradio.com\/index.php?rest_route=%2Fwp%2Fv2%2Ftags&post=23544"}],"curies":[{"name":"wp","href":"https:\/\/api.w.org\/{rel}","templated":true}]}}