{"id":23644,"date":"2025-06-17T20:27:24","date_gmt":"2025-06-17T20:27:24","guid":{"rendered":"https:\/\/hormigaradio.com\/?p=23644"},"modified":"2025-06-17T20:27:24","modified_gmt":"2025-06-17T20:27:24","slug":"cristina-kirchner-inicia-seis-anos-de-prision-domiciliaria-por-corrupcion","status":"publish","type":"post","link":"https:\/\/hormigaradio.com\/?p=23644","title":{"rendered":"CRISTINA KIRCHNER INICIA SEIS A\u00d1OS DE PRISI\u00d3N DOMICILIARIA POR CORRUPCI\u00d3N"},"content":{"rendered":"<div class=\"a_md _g _g-xs \">\n<div class=\"a_md_txt\">\n<div class=\"w_rs\" data-dtm-region=\"articulo_botonera-social\">\n<div class=\"w_rs_i\"><\/div>\n<p><img loading=\"lazy\" class=\"_re lazyload a_m-h alignleft\" src=\"https:\/\/imagenes.elpais.com\/resizer\/v2\/7PAZ7XLWP5WSHQIOGA5PGQCH64.jpg?auth=52dd057a5542bb323faee1884515453997ed4d4ed66c71bde8c6f77f86d51d2e&amp;width=414\" sizes=\"(min-width:1199px) 1155px,(min-width:1001px) calc(100vw - 44px),(min-width:768px) 767px, 100vw\" srcset=\"https:\/\/imagenes.elpais.com\/resizer\/v2\/7PAZ7XLWP5WSHQIOGA5PGQCH64.jpg?auth=52dd057a5542bb323faee1884515453997ed4d4ed66c71bde8c6f77f86d51d2e&amp;width=414 414w,https:\/\/imagenes.elpais.com\/resizer\/v2\/7PAZ7XLWP5WSHQIOGA5PGQCH64.jpg?auth=52dd057a5542bb323faee1884515453997ed4d4ed66c71bde8c6f77f86d51d2e&amp;width=828 640w,https:\/\/imagenes.elpais.com\/resizer\/v2\/7PAZ7XLWP5WSHQIOGA5PGQCH64.jpg?auth=52dd057a5542bb323faee1884515453997ed4d4ed66c71bde8c6f77f86d51d2e&amp;width=980 1000w,https:\/\/imagenes.elpais.com\/resizer\/v2\/7PAZ7XLWP5WSHQIOGA5PGQCH64.jpg?auth=52dd057a5542bb323faee1884515453997ed4d4ed66c71bde8c6f77f86d51d2e&amp;width=1960 1960w\" alt=\"La expresidenta argentina saluda a sus partidarios desde el balc\u00f3n en Buenos Aires, tras ser condenada.\" width=\"299\" height=\"199\" \/><\/p>\n<div class=\"w_rs_i\">Cristina Kirchner, dos veces presidenta de Argentina y hoy principal dirigente de la oposici\u00f3n, est\u00e1 desde este martes presa en su casa. Los jueces<\/div>\n<div class=\"w_rs_i\">que <a title=\"https:\/\/elpais.com\/argentina\/2025-06-10\/la-corte-suprema-argentina-confirma-la-condena-a-seis-anos-de-carcel-contra-cristina-kirchner-por-corrupcion.html\" href=\"https:\/\/elpais.com\/argentina\/2025-06-10\/la-corte-suprema-argentina-confirma-la-condena-a-seis-anos-de-carcel-contra-cristina-kirchner-por-corrupcion.html\" target=\"_self\" rel=\"noopener\" data-link-track-dtm=\"\" data-mrf-link=\"https:\/\/elpais.com\/argentina\/2025-06-10\/la-corte-suprema-argentina-confirma-la-condena-a-seis-anos-de-carcel-contra-cristina-kirchner-por-corrupcion.html\">la condenaron a seis a\u00f1os de c\u00e1rcel e inhabilitaci\u00f3n perpetua<\/a>\u00a0para ejercer cargos p\u00fablicos le concedieron el beneficio de la prisi\u00f3n domiciliaria y dieron inicio formal a la condena. Tambi\u00e9n decidieron comunicarl<\/div>\n<div class=\"w_rs_i\">e su decisi\u00f3n con un escrito, ahorr\u00e1ndole el traslado hacia los tribunales federales, previsto para este mi\u00e9rcoles. Neutralizaron as\u00ed\u00a0<a title=\"https:\/\/elpais.com\/argentina\/2025-06-14\/cristina-kirchner-se-presentara-el-miercoles-proximo-ante-los-jueces-y-quedara-detenida.html\" href=\"https:\/\/elpais.com\/argentina\/2025-06-14\/cristina-kirchner-se-presentara-el-miercoles-proximo-ante-los-jueces-y-quedara-detenida.html\" target=\"_self\" rel=\"noopener\" data-link-track-dtm=\"\" data-mrf-link=\"https:\/\/elpais.com\/argentina\/2025-06-14\/cristina-kirchner-se-presentara-el-miercoles-proximo-ante-los-jueces-y-quedara-detenida.html\">los efectos de \u201cla manifestaci\u00f3n popular m\u00e1s grande de la historia\u201d<\/a>, como hab\u00eda prometido el peronismo para acompa\u00f1ar a su dirigente hacia su destino judicial definitivo.<\/div>\n<\/div>\n<\/div>\n<\/div>\n<div class=\"a_c clearfix\" data-dtm-region=\"articulo_cuerpo\">\n<p class=\"\">El peronismo, principal opositor al Gobierno de ultraderecha de Javier Milei, hab\u00eda convocado para el mi\u00e9rcoles a sindicatos, gobernadores afines y movimientos sociales a sumarse a una gran marcha que deb\u00eda recorrer los cinco kil\u00f3metros que separan la casa de la expresidenta, en el barrio de Constituci\u00f3n, en la ciudad de Buenos Aires, con el edificio de Comodoro Py, sede de los tribunales federales.<\/p>\n<p class=\"\">\u201cQueremos que no tenga inconvenientes con su prisi\u00f3n y vamos a ser garant\u00eda con una movilizaci\u00f3n permanente en las calles, hasta que vuelva a estar en su casa para cumplir la injusticia de esta condena\u201d, dijo ante periodistas internacionales la secretaria general del Partido Justicialista (PJ), Teresa Garc\u00eda. Los organizadores advirtieron de que habr\u00e1 marcha aunque Kirchner finalmente no saldr\u00e1 de su domicilio.<\/p>\n<figure class=\"a_m a_m-h \">advertencia a la Casa Rosada, pero tambi\u00e9n a las m\u00faltiples corrientes internas que hoy dividen al partido fundado por Juan Per\u00f3n hace 80 a\u00f1os. Kirchner se atribuye para s\u00ed la responsabilidad de una reorganizaci\u00f3n tras el varapalo electoral de 2023 ante Milei, pero choca con las aspiraciones de aquellos que piden una renovaci\u00f3n, como el gobernador de la poderosa provincia de Buenos Aires, Axel Kicillof. La prisi\u00f3n de la expresidenta puso en pausa la guerra fratricida, sin que est\u00e9 claro a\u00fan la solidez de la tregua.<\/figure>\n<p class=\"\">La justicia argentina\u00a0<a title=\"https:\/\/elpais.com\/argentina\/2025-06-17\/cristina-kirchner-los-dilemas-de-una-condena.html\" href=\"https:\/\/elpais.com\/argentina\/2025-06-17\/cristina-kirchner-los-dilemas-de-una-condena.html\" target=\"_self\" rel=\"noopener\" data-link-track-dtm=\"\" data-mrf-link=\"https:\/\/elpais.com\/argentina\/2025-06-17\/cristina-kirchner-los-dilemas-de-una-condena.html\">conden\u00f3 a Kirchner en la llamada causa Vialidad,<\/a>\u00a0que investig\u00f3 el direccionamiento de la obra p\u00fablica en la provincia patag\u00f3nica de Santa Cruz, cuna del kirchnerismo, a favor de un empresario llamado L\u00e1zaro B\u00e1ez, ya preso por corrupci\u00f3n. B\u00e1ez era un humilde cajero de banco cuando se convirti\u00f3 en millonario como empresario de la construcci\u00f3n de la mano de N\u00e9stor Kirchner, por aquel entonces gobernador. La semana pasada, la Corte Suprema rechaz\u00f3 todos los reclamos de la defensa de la expresidenta y dej\u00f3 la condena en firme, sin posibilidad de apelaci\u00f3n.<\/p>\n<p class=\"\">La defensa de la expresidente sostuvo desde el primer d\u00eda que estaba ante un caso de\u00a0<i>lawfare<\/i>, es decir, el uso de la justicia como arma para perseguir pol\u00edticos opositores. Su abogado, Carlos Beraldi, adelant\u00f3 que llevar\u00e1n el caso ante la Comisi\u00f3n Interamericana de Derechos Humanos (CIDH). \u201cEs un fallo que afecta al sistema democr\u00e1tico. La Corte ha establecido como criterio de imputaci\u00f3n que se condene a un presidente por actos en los que no intervino, por estar separados de sus funciones\u201d, como es la ejecuci\u00f3n de obra p\u00fablica, dijo.<\/p>\n<p class=\"\">Desde el entorno de Kirchner ya daban por hecho que los jueces le conceder\u00edan la prisi\u00f3n domiciliaria, un derecho que tiene por ser mayor de 70 a\u00f1os, pero que no es autom\u00e1tico. En el sistema penitenciario federal argentino hay 12.000 presos, de los cuales solo 900 son mujeres. De todas ellas, solo una est\u00e1 en una c\u00e1rcel com\u00fan, condenada por trata de personas. Beraldi advirti\u00f3 que la defensa no aceptar\u00eda \u201cning\u00fan tipo de humillaci\u00f3n ni falta de respeto hacia una exmandataria y adem\u00e1s mujer\u201d. \u201cEsperamos un tr\u00e1mite breve y que vuelva a su domicilio\u201d, dijo ante corresponsales.<\/p>\n<p class=\"\">Los jueces establecieron las condiciones de la detenci\u00f3n en un fallo de 19 p\u00e1ginas. Kirchner \u201cdeber\u00e1 permanecer en el domicilio fijado, obligaci\u00f3n que no podr\u00e1 quebrantar salvo en situaciones excepcionales de fuerza mayor que deber\u00e1 justificar debidamente\u201d, dice el texto. Tambi\u00e9n \u201cdeber\u00e1 abstenerse de adoptar comportamientos que puedan perturbar la tranquilidad del vecindario y\/o alterar la convivencia pac\u00edfica de sus habitantes\u201d. Este punto es especialmente importante. La defensa hab\u00eda pedido que no se le impidiese el uso del balc\u00f3n desde el cual cada d\u00eda Kirchner saluda a los manifestantes que se congregan en la calle para darle su apoyo. El texto no menciona nada al respecto, pero deja abierta la puerta a que su uso dependa de \u201cla tranquilidad\u201d de los vecinos.<\/p>\n<p class=\"\">Por \u00faltimo, la expresidenta tendr\u00e1 dos d\u00edas para presentar \u201cuna n\u00f3mina de las personas que integran su grupo familiar, custodia policial, profesionales m\u00e9dicos que la tratan asiduamente y abogados que la representan\u201d, quienes podr\u00e1n acceder a su casa \u201csin necesidad de autorizaci\u00f3n judicial\u201d. Cualquier dirigente pol\u00edtico que pretenda hablar con ella tendr\u00e1 que pedir permiso a los jueces. De lo que no hay dudas es que Kirchner seguir\u00e1 haciendo pol\u00edtica.<\/p>\n<\/div>\n<p>Impactos: 39<\/p>","protected":false},"excerpt":{"rendered":"<p>Cristina Kirchner, dos veces presidenta de Argentina y hoy principal dirigente de la oposici\u00f3n, est\u00e1 desde este martes presa en su casa. Los jueces<\/p>\n","protected":false},"author":3,"featured_media":23645,"comment_status":"closed","ping_status":"closed","sticky":false,"template":"","format":"standard","meta":[],"categories":[22],"tags":[],"_links":{"self":[{"href":"https:\/\/hormigaradio.com\/index.php?rest_route=\/wp\/v2\/posts\/23644"}],"collection":[{"href":"https:\/\/hormigaradio.com\/index.php?rest_route=\/wp\/v2\/posts"}],"about":[{"href":"https:\/\/hormigaradio.com\/index.php?rest_route=\/wp\/v2\/types\/post"}],"author":[{"embeddable":true,"href":"https:\/\/hormigaradio.com\/index.php?rest_route=\/wp\/v2\/users\/3"}],"replies":[{"embeddable":true,"href":"https:\/\/hormigaradio.com\/index.php?rest_route=%2Fwp%2Fv2%2Fcomments&post=23644"}],"version-history":[{"count":1,"href":"https:\/\/hormigaradio.com\/index.php?rest_route=\/wp\/v2\/posts\/23644\/revisions"}],"predecessor-version":[{"id":23646,"href":"https:\/\/hormigaradio.com\/index.php?rest_route=\/wp\/v2\/posts\/23644\/revisions\/23646"}],"wp:featuredmedia":[{"embeddable":true,"href":"https:\/\/hormigaradio.com\/index.php?rest_route=\/wp\/v2\/media\/23645"}],"wp:attachment":[{"href":"https:\/\/hormigaradio.com\/index.php?rest_route=%2Fwp%2Fv2%2Fmedia&parent=23644"}],"wp:term":[{"taxonomy":"category","embeddable":true,"href":"https:\/\/hormigaradio.com\/index.php?rest_route=%2Fwp%2Fv2%2Fcategories&post=23644"},{"taxonomy":"post_tag","embeddable":true,"href":"https:\/\/hormigaradio.com\/index.php?rest_route=%2Fwp%2Fv2%2Ftags&post=23644"}],"curies":[{"name":"wp","href":"https:\/\/api.w.org\/{rel}","templated":true}]}}