{"id":23647,"date":"2025-06-17T22:25:12","date_gmt":"2025-06-17T22:25:12","guid":{"rendered":"https:\/\/hormigaradio.com\/?p=23647"},"modified":"2025-06-18T00:57:46","modified_gmt":"2025-06-18T00:57:46","slug":"wander-franco-que-me-dejen-jugar-eso-es-lo-que-yo-hago-eso-es-lo-que-extrano","status":"publish","type":"post","link":"https:\/\/hormigaradio.com\/?p=23647","title":{"rendered":"WANDER FRANCO: &#8220;QUE ME DEJEN JUGAR, ESO ES LO QUE YO HAGO, ESO ES LO QUE EXTRA\u00d1O&#8221;"},"content":{"rendered":"<p>Por\u00a0<span class=\"name font-600\"><a title=\"M\u00e1ximo Laureano\" href=\"https:\/\/acento.com.do\/autor\/mlaureano.html\">M\u00e1ximo Laureano<\/a><\/span><\/p>\n<p>&#8220;Que me dejen jugar, eso es lo que yo hago, eso es lo que extra\u00f1o&#8221;, dijo el parador corto de las\u00a0<strong>Grandes Ligas<\/strong>,\u00a0<strong>Wander Franco<\/strong>, tras salir del tribunal este martes, donde se le juzga por presunto abuso infantil,\u00a0<strong>explotaci\u00f3n sexual<\/strong>\u00a0comercial y lavado de activos.<\/p>\n<div style=\"width: 715px;\" class=\"wp-video\"><!--[if lt IE 9]><script>document.createElement('video');<\/script><![endif]-->\n<video class=\"wp-video-shortcode\" id=\"video-23647-1\" width=\"715\" height=\"403\" preload=\"metadata\" controls=\"controls\"><source type=\"video\/mp4\" src=\"http:\/\/hormigaradio.com\/wp-content\/uploads\/2025\/06\/wander-video.mp4?_=1\" \/><a href=\"http:\/\/hormigaradio.com\/wp-content\/uploads\/2025\/06\/wander-video.mp4\">http:\/\/hormigaradio.com\/wp-content\/uploads\/2025\/06\/wander-video.mp4<\/a><\/video><\/div>\n<p>Franco, adem\u00e1s, dijo que conf\u00eda en la justicia. Respondi\u00f3 a preguntas de periodistas que lo abordaron luego de que la jueza presidenta del Tribunal Colegiado, Jakaira Veras Garc\u00eda, recesara la audiencia para continuarla el pr\u00f3ximo lunes 23 de junio.<\/p>\n<p>En el proceso tambi\u00e9n se juzga a la madre de la menor, Martha Vanessa Chevalier, quien presuntamente consinti\u00f3 la relaci\u00f3n \u00edntima del beisbolista.<\/p>\n<p>En la sesi\u00f3n de este martes, los jueces del tribunal escucharon a cuatro testigos presentados por la defensa del deportista y de la madre de la menor.<\/p>\n<section id=\"newsletter\">\n<header class=\"newsletter__header\"><\/header>\n<p class=\"newsletter__disclaimer\">En relaci\u00f3n con el proceso, el abogado defensor de Franco, Teodosio J\u00e1quez, ha dicho que el Ministerio P\u00fablico no ha presentado una prueba que comprometa a su cliente.<\/p>\n<\/section>\n<p>De parte del Ministerio P\u00fablico, el fiscal Carlos Cordero reiter\u00f3 que el expediente es lo suficientemente s\u00f3lido para que se imponga una sanci\u00f3n tanto a Franco como a la madre de la menor.<\/p>\n<p>Ser\u00e1 el pr\u00f3ximo lunes 23 cuando el\u00a0<strong>Ministerio P\u00fablico<\/strong>\u00a0solicitar\u00e1 la pena en contra de los imputados.<\/p>\n<p><img loading=\"lazy\" class=\"alignnone size-medium wp-image-23649\" src=\"http:\/\/hormigaradio.com\/wp-content\/uploads\/2025\/06\/franco-audiencia-201x300.jpg\" alt=\"\" width=\"201\" height=\"300\" srcset=\"https:\/\/hormigaradio.com\/wp-content\/uploads\/2025\/06\/franco-audiencia-201x300.jpg 201w, https:\/\/hormigaradio.com\/wp-content\/uploads\/2025\/06\/franco-audiencia-684x1024.jpg 684w, https:\/\/hormigaradio.com\/wp-content\/uploads\/2025\/06\/franco-audiencia-768x1149.jpg 768w, https:\/\/hormigaradio.com\/wp-content\/uploads\/2025\/06\/franco-audiencia-1027x1536.jpg 1027w, https:\/\/hormigaradio.com\/wp-content\/uploads\/2025\/06\/franco-audiencia-1369x2048.jpg 1369w, https:\/\/hormigaradio.com\/wp-content\/uploads\/2025\/06\/franco-audiencia-scaled.jpg 1711w\" sizes=\"(max-width: 201px) 100vw, 201px\" \/><\/p>\n<p>Impactos: 33<\/p>","protected":false},"excerpt":{"rendered":"<p>Por\u00a0M\u00e1ximo Laureano &#8220;Que me dejen jugar, eso es lo que yo hago, eso es lo que extra\u00f1o&#8221;, dijo el parador corto de las\u00a0Grandes Ligas,\u00a0Wander<\/p>\n","protected":false},"author":3,"featured_media":23650,"comment_status":"closed","ping_status":"closed","sticky":false,"template":"","format":"standard","meta":[],"categories":[3],"tags":[],"_links":{"self":[{"href":"https:\/\/hormigaradio.com\/index.php?rest_route=\/wp\/v2\/posts\/23647"}],"collection":[{"href":"https:\/\/hormigaradio.com\/index.php?rest_route=\/wp\/v2\/posts"}],"about":[{"href":"https:\/\/hormigaradio.com\/index.php?rest_route=\/wp\/v2\/types\/post"}],"author":[{"embeddable":true,"href":"https:\/\/hormigaradio.com\/index.php?rest_route=\/wp\/v2\/users\/3"}],"replies":[{"embeddable":true,"href":"https:\/\/hormigaradio.com\/index.php?rest_route=%2Fwp%2Fv2%2Fcomments&post=23647"}],"version-history":[{"count":3,"href":"https:\/\/hormigaradio.com\/index.php?rest_route=\/wp\/v2\/posts\/23647\/revisions"}],"predecessor-version":[{"id":23653,"href":"https:\/\/hormigaradio.com\/index.php?rest_route=\/wp\/v2\/posts\/23647\/revisions\/23653"}],"wp:featuredmedia":[{"embeddable":true,"href":"https:\/\/hormigaradio.com\/index.php?rest_route=\/wp\/v2\/media\/23650"}],"wp:attachment":[{"href":"https:\/\/hormigaradio.com\/index.php?rest_route=%2Fwp%2Fv2%2Fmedia&parent=23647"}],"wp:term":[{"taxonomy":"category","embeddable":true,"href":"https:\/\/hormigaradio.com\/index.php?rest_route=%2Fwp%2Fv2%2Fcategories&post=23647"},{"taxonomy":"post_tag","embeddable":true,"href":"https:\/\/hormigaradio.com\/index.php?rest_route=%2Fwp%2Fv2%2Ftags&post=23647"}],"curies":[{"name":"wp","href":"https:\/\/api.w.org\/{rel}","templated":true}]}}