{"id":23677,"date":"2025-06-24T13:31:03","date_gmt":"2025-06-24T13:31:03","guid":{"rendered":"https:\/\/hormigaradio.com\/?p=23677"},"modified":"2025-06-24T13:31:03","modified_gmt":"2025-06-24T13:31:03","slug":"sismo-de-5-9-en-punta-cana-el-terremoto-mas-fuerte-de-la-ultima-decada-en-rd","status":"publish","type":"post","link":"https:\/\/hormigaradio.com\/?p=23677","title":{"rendered":"SISMO DE 5.9 EN PUNTA CANA, EL TERREMOTO M\u00c1S FUERTE DE LA \u00daLTIMA D\u00c9CADA EN RD"},"content":{"rendered":"<p data-pm-slice=\"1 1 []\">Por\u00a0<span class=\"name font-600\"><a title=\"Julio Solano\" href=\"https:\/\/acento.com.do\/autor\/jsolano.html\">Julio Solano<\/a><\/span><\/p>\n<p data-pm-slice=\"1 1 []\">Un\u00a0<strong>sismo de magnitud 5.9<\/strong>\u00a0en la\u00a0<a href=\"https:\/\/acento.com.do\/actualidad\/terremoto-de-5-9-en-punta-cana-como-se-mide-un-sismo-9461063.html\">escala de Richter<\/a>\u00a0se registr\u00f3 la madrugada de este<strong>\u00a0martes 25 de febrero<\/strong>\u00a0en el este del pa\u00eds, ocurri\u00f3 a la 1:48 a.m., con epicentro en el oc\u00e9ano Atl\u00e1ntico, aproximadamente a 104 km de\u00a0<strong>Punta Cana<\/strong>\u00a0y 99 kil\u00f3metros al noreste de\u00a0<strong>Miches<\/strong>, con una profundidad de 46 kil\u00f3metros.<\/p>\n<p>Seg\u00fan los datos del\u00a0<strong>Centro Nacional de Sismolog\u00eda<\/strong>\u00a0de la Universidad Aut\u00f3noma de Santo Domingo (<strong>UASD<\/strong>)\u00a0<a href=\"https:\/\/acento.com.do\/actualidad\/terremoto-de-5-9-sacudio-punta-cana-la-madrugada-de-este-martes-9460994.html\">este terremoto ser\u00eda el m\u00e1s fuerte<\/a>\u00a0en Rep\u00fablica Dominicana en<strong>\u00a0los \u00faltimos diez a\u00f1os<\/strong>, junto con el ocurrido en\u00a0<strong>2019,\u00a0<\/strong>igual al este de<strong>\u00a0Miches<\/strong>.<\/p>\n<div class=\"flex max-w-full flex-col flex-grow\">\n<div class=\"min-h-8 text-message relative flex w-full flex-col items-end gap-2 whitespace-normal break-words text-start [.text-message+&amp;]:mt-5\" dir=\"auto\" data-message-author-role=\"assistant\" data-message-id=\"9f886672-2e90-4680-b89f-2ba473abe802\" data-message-model-slug=\"gpt-4o\">\n<div class=\"flex w-full flex-col gap-1 empty:hidden first:pt-[3px]\">\n<div class=\"markdown prose w-full break-words dark:prose-invert dark\">\n<p data-start=\"0\" data-end=\"186\" data-is-last-node=\"\" data-is-only-node=\"\">Desde\u00a0<strong>2019<\/strong>, los terremotos han alcanzado<strong>\u00a0magnitudes m\u00e1s altas<\/strong>, con un nuevo pico en\u00a0<strong>2025<\/strong>, destacando a\u00a0<strong>Miches<\/strong>\u00a0como un epicentro recurrente en los sismos m\u00e1s fuertes de\u00a0<strong>2019<\/strong>,\u00a0<strong>2024<\/strong>\u00a0y\u00a0<strong>2025<\/strong>.<\/p>\n<\/div>\n<\/div>\n<\/div>\n<\/div>\n<h2 data-pm-slice=\"1 1 []\">Terremotos de mayor magnitud por a\u00f1o en la d\u00e9cada 2015 \u2013 2025<\/h2>\n<div class=\"flourish-embed flourish-table\" data-src=\"visualisation\/21814059\"><iframe title=\"Interactive or visual content\" src=\"https:\/\/flo.uri.sh\/visualisation\/21814059\/embed?auto=1\" frameborder=\"0\" scrolling=\"no\" sandbox=\"allow-same-origin allow-forms allow-scripts allow-downloads allow-popups allow-popups-to-escape-sandbox allow-top-navigation-by-user-activation\" data-mce-fragment=\"1\"><\/iframe><\/p>\n<div class=\"flourish-credit\"><\/div>\n<\/div>\n<p>En\u00a0<strong>2015<\/strong>, el 26 de noviembre, se registr\u00f3 un terremoto de\u00a0<strong>5.0 de magnitud<\/strong>, a 21 km al noroeste de Ban\u00ed, con 32 km de profundidad.<\/p>\n<section id=\"newsletter\">\n<header class=\"newsletter__header\"><\/header>\n<p class=\"newsletter__disclaimer\">En <strong>2016<\/strong>, el sismo m\u00e1s fuerte tuvo lugar el 20 de marzo, con una<strong>\u00a0magnitud de 5.1<\/strong>, ubicado 16 km al norte de La Romana, con una profundidad de 121 km.<\/p>\n<\/section>\n<p>En\u00a0<strong>2017<\/strong>, el 16 de marzo, se detect\u00f3 un terremoto de\u00a0<strong>5.0 de magnitud<\/strong>, con epicentro 37 km al norte de Cabarete, con 31 km de profundidad.<\/p>\n<p>En\u00a0<strong>2018<\/strong>, el 7 de octubre, se produjo un sismo de<strong>\u00a05.3 de magnitud<\/strong>, localizado 166 km al oeste de San Francisco de Monte Cristi, en el oc\u00e9ano Atl\u00e1ntico, con una profundidad de 15 km.<\/p>\n<p>En\u00a0<strong>2019<\/strong>, el evento m\u00e1s relevante ocurri\u00f3 el 24 de septiembre, con\u00a0<strong>5.9 de magnitud<\/strong>, a 208 km al este de Miches, con 40 km de profundidad.<\/p>\n<p>En\u00a0<strong>2020<\/strong>, el 4 de febrero, se registr\u00f3 un terremoto de<strong>\u00a05.1 de magnitud<\/strong>, ubicado 200 km al sureste de Mano Juan, Isla Saona, en el Mar Caribe, con una profundidad de 30 km.<\/p>\n<p>En\u00a0<strong>2021<\/strong>, el sismo m\u00e1s fuerte tuvo lugar el 14 de junio, con una\u00a0<strong>magnitud de 5.0<\/strong>, a 27 km al este de Mano Juan, Isla Saona, con 80 km de profundidad.<\/p>\n<p>En\u00a0<strong>2022<\/strong>, el 31 de julio, se registr\u00f3 un terremoto de<strong>\u00a04.9 de magnitud<\/strong>, con epicentro 20 km al noroeste de San Francisco de Monte Cristi, en el oc\u00e9ano Atl\u00e1ntico, y una profundidad de 19 km.<\/p>\n<p>Impactos: 47<\/p>","protected":false},"excerpt":{"rendered":"<p>Por\u00a0Julio Solano Un\u00a0sismo de magnitud 5.9\u00a0en la\u00a0escala de Richter\u00a0se registr\u00f3 la madrugada de este\u00a0martes 25 de febrero\u00a0en el este del pa\u00eds, ocurri\u00f3 a la<\/p>\n","protected":false},"author":3,"featured_media":12991,"comment_status":"closed","ping_status":"closed","sticky":false,"template":"","format":"standard","meta":[],"categories":[3],"tags":[],"_links":{"self":[{"href":"https:\/\/hormigaradio.com\/index.php?rest_route=\/wp\/v2\/posts\/23677"}],"collection":[{"href":"https:\/\/hormigaradio.com\/index.php?rest_route=\/wp\/v2\/posts"}],"about":[{"href":"https:\/\/hormigaradio.com\/index.php?rest_route=\/wp\/v2\/types\/post"}],"author":[{"embeddable":true,"href":"https:\/\/hormigaradio.com\/index.php?rest_route=\/wp\/v2\/users\/3"}],"replies":[{"embeddable":true,"href":"https:\/\/hormigaradio.com\/index.php?rest_route=%2Fwp%2Fv2%2Fcomments&post=23677"}],"version-history":[{"count":1,"href":"https:\/\/hormigaradio.com\/index.php?rest_route=\/wp\/v2\/posts\/23677\/revisions"}],"predecessor-version":[{"id":23678,"href":"https:\/\/hormigaradio.com\/index.php?rest_route=\/wp\/v2\/posts\/23677\/revisions\/23678"}],"wp:featuredmedia":[{"embeddable":true,"href":"https:\/\/hormigaradio.com\/index.php?rest_route=\/wp\/v2\/media\/12991"}],"wp:attachment":[{"href":"https:\/\/hormigaradio.com\/index.php?rest_route=%2Fwp%2Fv2%2Fmedia&parent=23677"}],"wp:term":[{"taxonomy":"category","embeddable":true,"href":"https:\/\/hormigaradio.com\/index.php?rest_route=%2Fwp%2Fv2%2Fcategories&post=23677"},{"taxonomy":"post_tag","embeddable":true,"href":"https:\/\/hormigaradio.com\/index.php?rest_route=%2Fwp%2Fv2%2Ftags&post=23677"}],"curies":[{"name":"wp","href":"https:\/\/api.w.org\/{rel}","templated":true}]}}