{"id":23745,"date":"2025-07-04T14:20:59","date_gmt":"2025-07-04T14:20:59","guid":{"rendered":"https:\/\/hormigaradio.com\/?p=23745"},"modified":"2025-07-04T14:24:21","modified_gmt":"2025-07-04T14:24:21","slug":"vicepresidenta-reuniones-del-presidente-con-exmandatarios-muestran-crecimiento-democratico","status":"publish","type":"post","link":"https:\/\/hormigaradio.com\/?p=23745","title":{"rendered":"VICEPRESIDENTA: REUNIONES DEL PRESIDENTE CON EXMANDATARIOS MUESTRAN CRECIMIENTO DEMOCR\u00c1TICO"},"content":{"rendered":"<p>Por\u00a0<span class=\"name font-600\"><a title=\"M\u00e1ximo Laureano\" href=\"https:\/\/acento.com.do\/autor\/mlaureano.html\">M\u00e1ximo Laureano<\/a><\/span><\/p>\n<p>La vicepresidenta Raquel Pe\u00f1a afirm\u00f3 que las reuniones motivadas por el presidente Luis Abinader con sus antecesores, Danilo Medina y Leonel Fern\u00e1ndez,\u00a0 son una muestra de crecimiento democr\u00e1tico.<\/p>\n<p>Previo a participar en el 5to Foro de la Calidad, del Ministerio de Industria Comercio y Mypimes, organizado en Santiago, la funcionar\u00eda dijo que sus expectativas son altas con relaci\u00f3n a estos encuentros, en los cuales se trata el tema de la crisis de Hait\u00ed y sus consecuencias en Rep\u00fablica Dominicana.<\/p>\n<p>&#8220;Eso da una muestra m\u00e1s de la democracia que estamos viviendo&#8221; , precis\u00f3 y valor\u00f3 que siempre que l\u00edderes pol\u00edticos se re\u00fanen para debatir temas que importan a todos los sectores &#8220;salen buenos resultados para el pa\u00eds&#8221;.<\/p>\n<p><a href=\"https:\/\/acento.com.do\/politica\/luis-abinader-y-leonel-fernandez-coinciden-en-urgencia-de-actuar-ante-situacion-en-haiti-9519254.html\">La reuni\u00f3n Abinader-Leonel de este jueves<\/a>\u00a0se produjo una semana despu\u00e9s de la Abinader-Danilo.<\/p>\n<section id=\"newsletter\">\n<header class=\"newsletter__header\"><\/header>\n<p class=\"newsletter__disclaimer\">\n<\/section>\n<figure class=\"no-caption\"><img loading=\"lazy\" title=\"Vicepresidenta: Reuniones del presidente con exmandatarios muestran crecimiento democr\u00e1tico\" src=\"https:\/\/media.acento.com.do\/media\/storage02\/uploads\/2025\/07\/WhatsApp-Image-2025-07-03-at-17.58.05-728x485.webp\" alt=\"Vicepresidenta: Reuniones del presidente con exmandatarios muestran crecimiento democr\u00e1tico\" width=\"728\" height=\"485\" \/><\/figure>\n<p>La vicepresidenta de la Rep\u00fablica tambi\u00e9n se refiri\u00f3 al edificio del cuartel para los Bomberos, que se construye en el sector El Dorado-Santiago desde la gesti\u00f3n municipal 2006-2010, cuyos trabajos est\u00e1n paralizados.<\/p>\n<p>La funcionar\u00eda asegur\u00f3 que ya se ha dispuesto de los recursos para la terminaci\u00f3n de esa obras, la cual ser\u00eda licitada en breve otra vez.<\/p>\n<p>Impactos: 33<\/p>","protected":false},"excerpt":{"rendered":"<p>Por\u00a0M\u00e1ximo Laureano La vicepresidenta Raquel Pe\u00f1a afirm\u00f3 que las reuniones motivadas por el presidente Luis Abinader con sus antecesores, Danilo Medina y Leonel Fern\u00e1ndez,\u00a0<\/p>\n","protected":false},"author":3,"featured_media":23505,"comment_status":"closed","ping_status":"closed","sticky":false,"template":"","format":"standard","meta":[],"categories":[3],"tags":[],"_links":{"self":[{"href":"https:\/\/hormigaradio.com\/index.php?rest_route=\/wp\/v2\/posts\/23745"}],"collection":[{"href":"https:\/\/hormigaradio.com\/index.php?rest_route=\/wp\/v2\/posts"}],"about":[{"href":"https:\/\/hormigaradio.com\/index.php?rest_route=\/wp\/v2\/types\/post"}],"author":[{"embeddable":true,"href":"https:\/\/hormigaradio.com\/index.php?rest_route=\/wp\/v2\/users\/3"}],"replies":[{"embeddable":true,"href":"https:\/\/hormigaradio.com\/index.php?rest_route=%2Fwp%2Fv2%2Fcomments&post=23745"}],"version-history":[{"count":3,"href":"https:\/\/hormigaradio.com\/index.php?rest_route=\/wp\/v2\/posts\/23745\/revisions"}],"predecessor-version":[{"id":23748,"href":"https:\/\/hormigaradio.com\/index.php?rest_route=\/wp\/v2\/posts\/23745\/revisions\/23748"}],"wp:featuredmedia":[{"embeddable":true,"href":"https:\/\/hormigaradio.com\/index.php?rest_route=\/wp\/v2\/media\/23505"}],"wp:attachment":[{"href":"https:\/\/hormigaradio.com\/index.php?rest_route=%2Fwp%2Fv2%2Fmedia&parent=23745"}],"wp:term":[{"taxonomy":"category","embeddable":true,"href":"https:\/\/hormigaradio.com\/index.php?rest_route=%2Fwp%2Fv2%2Fcategories&post=23745"},{"taxonomy":"post_tag","embeddable":true,"href":"https:\/\/hormigaradio.com\/index.php?rest_route=%2Fwp%2Fv2%2Ftags&post=23745"}],"curies":[{"name":"wp","href":"https:\/\/api.w.org\/{rel}","templated":true}]}}