{"id":23786,"date":"2025-07-15T12:48:45","date_gmt":"2025-07-15T12:48:45","guid":{"rendered":"https:\/\/hormigaradio.com\/?p=23786"},"modified":"2025-07-15T12:56:23","modified_gmt":"2025-07-15T12:56:23","slug":"empresarios-y-comerciantes-santiago-creen-reformas-benefician-a-trabajadores-es-retroceso","status":"publish","type":"post","link":"https:\/\/hormigaradio.com\/?p=23786","title":{"rendered":"EMPRESARIOS Y COMERCIANTES SANTIAGO CREEN REFORMAS BENEFICIAN A TRABAJADORES ES RETROCESO"},"content":{"rendered":"<p>Por\u00a0<span class=\"name font-600\"><a title=\"M\u00e1ximo Laureano\" href=\"https:\/\/acento.com.do\/autor\/mlaureano.html\">M\u00e1ximo Laureano<\/a><\/span><\/p>\n<p>Voces del sector empresarial representadas en el grupo Compromiso Santiago, expresaron su rechazo a las modificaciones al C\u00f3digo Laboral, aprobadas en primera lectura en la C\u00e1mara del Senado, las cuales est\u00e1n encaminadas a mejorar las condiciones y dignidad de los trabajadores.<br \/>\nEn el proyecto que ya tiene el visto bueno de los senadores, se procura mantener la cesant\u00eda laboral, reforzar las licencias de maternidad-paternidad, actualizar una normativa para el teletrabajo y otros aspectos, he visto como una amenaza para la estabilidad de los empleos en la Rep\u00fablica Dominicana, por el sector empresarial.<br \/>\n\u201cLuego de un profundo an\u00e1lisis y de consultar a las principales instituciones de Santiago y la Regi\u00f3n Norte, expresan con firmeza su creciente preocupaci\u00f3n ante la propuesta de reforma al marco legal laboral\u201d, se lee en un comunicado de los empresarios de Compromiso Santiago.<br \/>\nEl grupo Compromiso Santiago est\u00e1 representado, por la Corporaci\u00f3n de Zona Franca, Asociaci\u00f3n de Comerciantes e Industriales de Santiago (ACIS), Asociaci\u00f3n para el Desarrollo (APEDI), Asociaci\u00f3n de Industrias de la Regi\u00f3n Norte (Airen), C\u00e1mara de Comercio y Producci\u00f3n de Santiago, Consejo para el Desarrollo Estrat\u00e9gico de Santiago (CDES) y la Asociaci\u00f3n de Zona Franca del Cibao.<\/p>\n<p><img loading=\"lazy\" class=\"aligncenter wp-image-23789 size-large\" src=\"http:\/\/hormigaradio.com\/wp-content\/uploads\/2025\/07\/grupo-Compromiso-1024x1011.jpg\" alt=\"\" width=\"715\" height=\"706\" srcset=\"https:\/\/hormigaradio.com\/wp-content\/uploads\/2025\/07\/grupo-Compromiso-1024x1011.jpg 1024w, https:\/\/hormigaradio.com\/wp-content\/uploads\/2025\/07\/grupo-Compromiso-300x296.jpg 300w, https:\/\/hormigaradio.com\/wp-content\/uploads\/2025\/07\/grupo-Compromiso-768x758.jpg 768w, https:\/\/hormigaradio.com\/wp-content\/uploads\/2025\/07\/grupo-Compromiso.jpg 1388w\" sizes=\"(max-width: 715px) 100vw, 715px\" \/><br \/>\nEn el documento los empresarios de Santiago, han advertido sobre las implicaciones que estas tendr\u00edan para el desarrollo sostenible y para la estabilidad socioecon\u00f3mica de la Rep\u00fablica Dominicana, las modificaciones hechas en las reformas del C\u00f3digo Laboral.<br \/>\nA la corriente de rechazo a las reformas que beneficiar\u00edan a los trabajadores, se ha sumado la Asociaci\u00f3n de Mayoristas en Provisiones de Santiago (Amaprosan), representada por la empresaria Hilsa L\u00f3pez Olivares, quien ha mostrado su rechazo a la aprobaci\u00f3n en el Senado, del proyecto de modificaci\u00f3n del C\u00f3digo de Trabajo.<br \/>\nSeg\u00fan ha dicho la representante de los mayoristas en provisiones de Santiago, las modificaciones aprobadas son un retroceso y significar\u00edan mayores costos econ\u00f3micos, riesgos financieros y complejidad en el marco legal, para las peque\u00f1as y medianas empresas.<br \/>\n&#8220;Se trata de una propuesta regresiva que fomenta el desempleo y la informalidad, que no favorece a las Mipymes y la que adem\u00e1s representa mayores cargas econ\u00f3micas para los empleadores. Es por eso que favorecemos una pieza \u00e1gil y justa, adaptada a los nuevos tiempos, pero principalmente consensuada por los sectores involucrados\u201d, ha dicho L\u00f3pez Olivares.<br \/>\nLos afiliados de la Amaprosan han se\u00f1alado, que el proyecto elimina los mecanismos de conciliaci\u00f3n y desconoce los acuerdos laborales, adem\u00e1s pone en riesgo las inversiones nacionales y extranjeras.<\/p>\n<p>Impactos: 39<\/p>","protected":false},"excerpt":{"rendered":"<p>Por\u00a0M\u00e1ximo Laureano Voces del sector empresarial representadas en el grupo Compromiso Santiago, expresaron su rechazo a las modificaciones al C\u00f3digo Laboral, aprobadas en primera<\/p>\n","protected":false},"author":3,"featured_media":23787,"comment_status":"closed","ping_status":"closed","sticky":false,"template":"","format":"standard","meta":[],"categories":[1],"tags":[],"_links":{"self":[{"href":"https:\/\/hormigaradio.com\/index.php?rest_route=\/wp\/v2\/posts\/23786"}],"collection":[{"href":"https:\/\/hormigaradio.com\/index.php?rest_route=\/wp\/v2\/posts"}],"about":[{"href":"https:\/\/hormigaradio.com\/index.php?rest_route=\/wp\/v2\/types\/post"}],"author":[{"embeddable":true,"href":"https:\/\/hormigaradio.com\/index.php?rest_route=\/wp\/v2\/users\/3"}],"replies":[{"embeddable":true,"href":"https:\/\/hormigaradio.com\/index.php?rest_route=%2Fwp%2Fv2%2Fcomments&post=23786"}],"version-history":[{"count":3,"href":"https:\/\/hormigaradio.com\/index.php?rest_route=\/wp\/v2\/posts\/23786\/revisions"}],"predecessor-version":[{"id":23791,"href":"https:\/\/hormigaradio.com\/index.php?rest_route=\/wp\/v2\/posts\/23786\/revisions\/23791"}],"wp:featuredmedia":[{"embeddable":true,"href":"https:\/\/hormigaradio.com\/index.php?rest_route=\/wp\/v2\/media\/23787"}],"wp:attachment":[{"href":"https:\/\/hormigaradio.com\/index.php?rest_route=%2Fwp%2Fv2%2Fmedia&parent=23786"}],"wp:term":[{"taxonomy":"category","embeddable":true,"href":"https:\/\/hormigaradio.com\/index.php?rest_route=%2Fwp%2Fv2%2Fcategories&post=23786"},{"taxonomy":"post_tag","embeddable":true,"href":"https:\/\/hormigaradio.com\/index.php?rest_route=%2Fwp%2Fv2%2Ftags&post=23786"}],"curies":[{"name":"wp","href":"https:\/\/api.w.org\/{rel}","templated":true}]}}