{"id":23796,"date":"2025-07-15T13:16:24","date_gmt":"2025-07-15T13:16:24","guid":{"rendered":"https:\/\/hormigaradio.com\/?p=23796"},"modified":"2025-07-15T13:18:22","modified_gmt":"2025-07-15T13:18:22","slug":"fallecio-legendario-dirigente-politico-fello-subervi-bonilla","status":"publish","type":"post","link":"https:\/\/hormigaradio.com\/?p=23796","title":{"rendered":"FALLECI\u00d3 LEGENDARIO DIRIGENTE POL\u00cdTICO FELLO SUBERV\u00cd BONILLA"},"content":{"rendered":"<p>Por\u00a0<span class=\"name font-600\"><a title=\"Servicios de Acento.com.do\" href=\"https:\/\/acento.com.do\/autor\/servicios.html\">Servicios de Acento.com.do<\/a><\/span><\/p>\n<p>Falleci\u00f3 el veterano pol\u00edtico barahonero Rafael Suberv\u00ed Bonilla (Fello), a los 83 a\u00f1os, luego de sufrir diversos percances de salud que le mantuvieron fuera de la vida p\u00fablica.<\/p>\n<p>Suberv\u00ed Bonilla naci\u00f3n el 6 de julio de 1942 en Barahona. Fue dos veces s\u00edndico del Distrito Nacional, de 1986-1990 y 1994-1998. Tambi\u00e9n fue diputado y secretario de Turismo.<\/p>\n<p>Dirigente del Partido Revolucionario Dominicano (PRD), organizaci\u00f3n por la cual aspir\u00f3 a la candidatura presidencial en el a\u00f1o 2000. Tambi\u00e9n ocup\u00f3 el cargo dirigencial de secretario general del PRD.<\/p>\n<p>Todav\u00eda no se ha informado sobre los actos f\u00fanebres ni del sepelio<\/p>\n<p>Cuando se cre\u00f3 el PRM, en el a\u00f1o 2014, tras la salida del PRD de los principales dirigentes nacionales del hist\u00f3rico partido, Suberv\u00ed Bonilla estuvo entre los fundadores del nuevo partido, pero poco tiempo despu\u00e9s decidi\u00f3 regresar al PRD.<\/p>\n<section id=\"newsletter\">\n<header class=\"newsletter__header\"><\/header>\n<p class=\"newsletter__disclaimer\">Su hijo, Felipe Antonio\u00a0 Suberv\u00ed Hern\u00e1ndez (Fellito), es el actual director de la Corporaci\u00f3n del Acueducto y Alcantarillado de Santo Domingo (CAASD).<\/p>\n<\/section>\n<p>Impactos: 39<\/p>","protected":false},"excerpt":{"rendered":"<p>Por\u00a0Servicios de Acento.com.do Falleci\u00f3 el veterano pol\u00edtico barahonero Rafael Suberv\u00ed Bonilla (Fello), a los 83 a\u00f1os, luego de sufrir diversos percances de salud que<\/p>\n","protected":false},"author":3,"featured_media":23798,"comment_status":"closed","ping_status":"closed","sticky":false,"template":"","format":"standard","meta":[],"categories":[3],"tags":[],"_links":{"self":[{"href":"https:\/\/hormigaradio.com\/index.php?rest_route=\/wp\/v2\/posts\/23796"}],"collection":[{"href":"https:\/\/hormigaradio.com\/index.php?rest_route=\/wp\/v2\/posts"}],"about":[{"href":"https:\/\/hormigaradio.com\/index.php?rest_route=\/wp\/v2\/types\/post"}],"author":[{"embeddable":true,"href":"https:\/\/hormigaradio.com\/index.php?rest_route=\/wp\/v2\/users\/3"}],"replies":[{"embeddable":true,"href":"https:\/\/hormigaradio.com\/index.php?rest_route=%2Fwp%2Fv2%2Fcomments&post=23796"}],"version-history":[{"count":1,"href":"https:\/\/hormigaradio.com\/index.php?rest_route=\/wp\/v2\/posts\/23796\/revisions"}],"predecessor-version":[{"id":23797,"href":"https:\/\/hormigaradio.com\/index.php?rest_route=\/wp\/v2\/posts\/23796\/revisions\/23797"}],"wp:featuredmedia":[{"embeddable":true,"href":"https:\/\/hormigaradio.com\/index.php?rest_route=\/wp\/v2\/media\/23798"}],"wp:attachment":[{"href":"https:\/\/hormigaradio.com\/index.php?rest_route=%2Fwp%2Fv2%2Fmedia&parent=23796"}],"wp:term":[{"taxonomy":"category","embeddable":true,"href":"https:\/\/hormigaradio.com\/index.php?rest_route=%2Fwp%2Fv2%2Fcategories&post=23796"},{"taxonomy":"post_tag","embeddable":true,"href":"https:\/\/hormigaradio.com\/index.php?rest_route=%2Fwp%2Fv2%2Ftags&post=23796"}],"curies":[{"name":"wp","href":"https:\/\/api.w.org\/{rel}","templated":true}]}}