{"id":23807,"date":"2025-07-21T13:38:13","date_gmt":"2025-07-21T13:38:13","guid":{"rendered":"https:\/\/hormigaradio.com\/?p=23807"},"modified":"2025-07-21T13:41:28","modified_gmt":"2025-07-21T13:41:28","slug":"accidente-en-san-victor-deja-seis-muertos-y-mas-de-60-heridos","status":"publish","type":"post","link":"https:\/\/hormigaradio.com\/?p=23807","title":{"rendered":"ACCIDENTE EN SAN V\u00cdCTOR DEJA SEIS MUERTOS Y M\u00c1S DE 60 HERIDOS"},"content":{"rendered":"<p>Por\u00a0<span class=\"name font-600\"><a title=\"Servicios de Acento.com.do\" href=\"https:\/\/acento.com.do\/autor\/servicios.html\">Servicios de Acento.com.do<\/a><\/span><\/p>\n<p data-start=\"151\" data-end=\"309\">Al menos\u00a0<strong data-start=\"160\" data-end=\"177\">seis personas<\/strong>\u00a0fallecieron y m\u00e1s de\u00a0<strong data-start=\"199\" data-end=\"224\">60 resultaron heridas<\/strong>\u00a0la noche del domingo durante un accidente de tr\u00e1nsito en la provincia\u00a0<strong data-start=\"295\" data-end=\"308\">Espaillat<\/strong>.<\/p>\n<p data-start=\"311\" data-end=\"515\">Un\u00a0<strong data-start=\"314\" data-end=\"325\">autob\u00fas<\/strong>\u00a0que regresaba de una\u00a0<strong data-start=\"347\" data-end=\"360\">excursi\u00f3n<\/strong>\u00a0en Playa Grande,\u00a0<strong data-start=\"378\" data-end=\"394\">R\u00edo San Juan<\/strong>, se volc\u00f3 en la\u00a0<strong>carretera Moca-Cabarete,<\/strong>\u00a0a la altura de\u00a0<strong data-start=\"451\" data-end=\"464\">La Cumbre<\/strong>, comunidad La Cabirma, en el municipio San V\u00edctor.<\/p>\n<p data-start=\"517\" data-end=\"607\">El alcalde\u00a0<strong>Pedro Estrella<\/strong>\u00a0confirm\u00f3 la muerte del\u00a0<strong data-start=\"566\" data-end=\"579\">conductor<\/strong>\u00a0y varios pasajeros adultos.<\/p>\n<p data-start=\"609\" data-end=\"716\">Tambi\u00e9n indic\u00f3 que, aunque en el veh\u00edculo iban menores de edad, los\u00a0<strong data-start=\"677\" data-end=\"686\">ni\u00f1os<\/strong>\u00a0no sufrieron lesiones graves.<\/p>\n<section id=\"newsletter\">\n<header class=\"newsletter__header\"><\/header>\n<p class=\"newsletter__disclaimer\">Seg\u00fan el 911, se desplegaron <strong data-start=\"747\" data-end=\"765\">10 ambulancias<\/strong>, unidades del Cuerpo de Bomberos, la Polic\u00eda Nacional, la Digesett y el Ministerio de Obras P\u00fablicas.<\/p>\n<\/section>\n<p data-start=\"869\" data-end=\"976\">El operativo incluy\u00f3\u00a0<strong data-start=\"890\" data-end=\"901\">rescate<\/strong>, atenci\u00f3n m\u00e9dica en el lugar y traslado de los heridos a centros de salud.<\/p>\n<div class=\"banner-box\">\n<div id=\"div-gpt-ad-1732723518537-6-1\" data-google-query-id=\"COvjkOCIzo4DFWSWywEdqV8l4Q\">\n<div id=\"google_ads_iframe_\/5168668\/News_Middle_02_0__container__\">Las autoridades reportan <strong data-start=\"1003\" data-end=\"1018\">18 personas<\/strong>\u00a0trasladadas a hospitales y\u00a0<strong data-start=\"1046\" data-end=\"1065\">tres fallecidos<\/strong>\u00a0confirmados en el lugar por los equipos de emergencia.<\/div>\n<\/div>\n<\/div>\n<p>Impactos: 41<\/p>","protected":false},"excerpt":{"rendered":"<p>Por\u00a0Servicios de Acento.com.do Al menos\u00a0seis personas\u00a0fallecieron y m\u00e1s de\u00a060 resultaron heridas\u00a0la noche del domingo durante un accidente de tr\u00e1nsito en la provincia\u00a0Espaillat. Un\u00a0autob\u00fas\u00a0que regresaba<\/p>\n","protected":false},"author":3,"featured_media":18226,"comment_status":"closed","ping_status":"closed","sticky":false,"template":"","format":"standard","meta":[],"categories":[3],"tags":[],"_links":{"self":[{"href":"https:\/\/hormigaradio.com\/index.php?rest_route=\/wp\/v2\/posts\/23807"}],"collection":[{"href":"https:\/\/hormigaradio.com\/index.php?rest_route=\/wp\/v2\/posts"}],"about":[{"href":"https:\/\/hormigaradio.com\/index.php?rest_route=\/wp\/v2\/types\/post"}],"author":[{"embeddable":true,"href":"https:\/\/hormigaradio.com\/index.php?rest_route=\/wp\/v2\/users\/3"}],"replies":[{"embeddable":true,"href":"https:\/\/hormigaradio.com\/index.php?rest_route=%2Fwp%2Fv2%2Fcomments&post=23807"}],"version-history":[{"count":1,"href":"https:\/\/hormigaradio.com\/index.php?rest_route=\/wp\/v2\/posts\/23807\/revisions"}],"predecessor-version":[{"id":23808,"href":"https:\/\/hormigaradio.com\/index.php?rest_route=\/wp\/v2\/posts\/23807\/revisions\/23808"}],"wp:featuredmedia":[{"embeddable":true,"href":"https:\/\/hormigaradio.com\/index.php?rest_route=\/wp\/v2\/media\/18226"}],"wp:attachment":[{"href":"https:\/\/hormigaradio.com\/index.php?rest_route=%2Fwp%2Fv2%2Fmedia&parent=23807"}],"wp:term":[{"taxonomy":"category","embeddable":true,"href":"https:\/\/hormigaradio.com\/index.php?rest_route=%2Fwp%2Fv2%2Fcategories&post=23807"},{"taxonomy":"post_tag","embeddable":true,"href":"https:\/\/hormigaradio.com\/index.php?rest_route=%2Fwp%2Fv2%2Ftags&post=23807"}],"curies":[{"name":"wp","href":"https:\/\/api.w.org\/{rel}","templated":true}]}}