{"id":23809,"date":"2025-07-24T03:48:37","date_gmt":"2025-07-24T03:48:37","guid":{"rendered":"https:\/\/hormigaradio.com\/?p=23809"},"modified":"2025-07-24T03:49:17","modified_gmt":"2025-07-24T03:49:17","slug":"en-situacion-de-riesgos-familia-afectada-incendio-en-santiago-oeste","status":"publish","type":"post","link":"https:\/\/hormigaradio.com\/?p=23809","title":{"rendered":"EN SITUACI\u00d3N DE RIESGOS  FAMILIA AFECTADA  INCENDIO EN SANTIAGO OESTE"},"content":{"rendered":"<p><img loading=\"lazy\" class=\"alignnone wp-image-15152\" src=\"http:\/\/hormigaradio.com\/wp-content\/uploads\/2022\/01\/FIRMA-para-Hormiga-Radio-300x158.jpeg\" alt=\"\" width=\"80\" height=\"42\" \/><\/p>\n<p>Una ni\u00f1a de dos meses de nacida\u00a0 y\u00a0 ni\u00f1os de m\u00e1s de un a\u00f1o de edad,\u00a0 fueron ingresados en\u00a0 la\u00a0 Unidad de Quemados, Doctora\u00a0 Thelma Rosario del Hospital\u00a0 Doctor Arturo\u00a0 Grull\u00f3n, en Santiago,\u00a0 tras afectados por un incendio en su\u00a0 casa,\u00a0 donde seg\u00fan\u00a0 informaciones preliminares, se origin\u00f3 un fuego, por la explosi\u00f3n de un tanque de gas de uso dom\u00e9stico.<\/p>\n<p>Los padres de los menores,\u00a0 de 18 y 23 a\u00f1os,\u00a0 tambi\u00e9n resultaron con quemaduras y fueron llevados al Hospital Jos\u00e9 Mar\u00eda\u00a0 Cabral\u00a0 y B\u00e1ez de Santiago.<\/p>\n<div style=\"width: 715px;\" class=\"wp-video\"><!--[if lt IE 9]><script>document.createElement('video');<\/script><![endif]-->\n<video class=\"wp-video-shortcode\" id=\"video-23809-1\" width=\"715\" height=\"403\" preload=\"metadata\" controls=\"controls\"><source type=\"video\/mp4\" src=\"http:\/\/hormigaradio.com\/wp-content\/uploads\/2025\/07\/Fuego-en-Santiago-Oeste.mp4?_=1\" \/><a href=\"http:\/\/hormigaradio.com\/wp-content\/uploads\/2025\/07\/Fuego-en-Santiago-Oeste.mp4\">http:\/\/hormigaradio.com\/wp-content\/uploads\/2025\/07\/Fuego-en-Santiago-Oeste.mp4<\/a><\/video><\/div>\n<p>Impactos: 29<\/p>","protected":false},"excerpt":{"rendered":"<p>Una ni\u00f1a de dos meses de nacida\u00a0 y\u00a0 ni\u00f1os de m\u00e1s de un a\u00f1o de edad,\u00a0 fueron ingresados en\u00a0 la\u00a0 Unidad de Quemados, Doctora\u00a0<\/p>\n","protected":false},"author":3,"featured_media":4574,"comment_status":"closed","ping_status":"closed","sticky":false,"template":"","format":"standard","meta":[],"categories":[3],"tags":[],"_links":{"self":[{"href":"https:\/\/hormigaradio.com\/index.php?rest_route=\/wp\/v2\/posts\/23809"}],"collection":[{"href":"https:\/\/hormigaradio.com\/index.php?rest_route=\/wp\/v2\/posts"}],"about":[{"href":"https:\/\/hormigaradio.com\/index.php?rest_route=\/wp\/v2\/types\/post"}],"author":[{"embeddable":true,"href":"https:\/\/hormigaradio.com\/index.php?rest_route=\/wp\/v2\/users\/3"}],"replies":[{"embeddable":true,"href":"https:\/\/hormigaradio.com\/index.php?rest_route=%2Fwp%2Fv2%2Fcomments&post=23809"}],"version-history":[{"count":1,"href":"https:\/\/hormigaradio.com\/index.php?rest_route=\/wp\/v2\/posts\/23809\/revisions"}],"predecessor-version":[{"id":23811,"href":"https:\/\/hormigaradio.com\/index.php?rest_route=\/wp\/v2\/posts\/23809\/revisions\/23811"}],"wp:featuredmedia":[{"embeddable":true,"href":"https:\/\/hormigaradio.com\/index.php?rest_route=\/wp\/v2\/media\/4574"}],"wp:attachment":[{"href":"https:\/\/hormigaradio.com\/index.php?rest_route=%2Fwp%2Fv2%2Fmedia&parent=23809"}],"wp:term":[{"taxonomy":"category","embeddable":true,"href":"https:\/\/hormigaradio.com\/index.php?rest_route=%2Fwp%2Fv2%2Fcategories&post=23809"},{"taxonomy":"post_tag","embeddable":true,"href":"https:\/\/hormigaradio.com\/index.php?rest_route=%2Fwp%2Fv2%2Ftags&post=23809"}],"curies":[{"name":"wp","href":"https:\/\/api.w.org\/{rel}","templated":true}]}}