{"id":23821,"date":"2025-07-25T02:54:14","date_gmt":"2025-07-25T02:54:14","guid":{"rendered":"https:\/\/hormigaradio.com\/?p=23821"},"modified":"2025-07-25T02:54:46","modified_gmt":"2025-07-25T02:54:46","slug":"presidente-abinader-entregara-obras-en-la-provincia-azua","status":"publish","type":"post","link":"https:\/\/hormigaradio.com\/?p=23821","title":{"rendered":"PRESIDENTE ABINADER ENTREGAR\u00c1 OBRAS EN LA PROVINCIA AZUA"},"content":{"rendered":"<p><img loading=\"lazy\" class=\"alignnone wp-image-15152\" src=\"http:\/\/hormigaradio.com\/wp-content\/uploads\/2022\/01\/FIRMA-para-Hormiga-Radio-300x158.jpeg\" alt=\"\" width=\"80\" height=\"42\" \/><\/p>\n<p>El presidente Luis Abinader agotar\u00e1 una agenda de trabajo este s\u00e1bado en la provincia de Azua , donde dejar\u00e1 inauguradas importantes obras de infraestructuras, deportivas, hidr\u00e1ulica, y energ\u00e9tica, adem\u00e1s de encabezar encuentros con j\u00f3venes estudiantes y una Jornada de Inclusi\u00f3n Social.<\/p>\n<p>El mandatario contin\u00faa inaugurando obras que representan un impulso significativo para el desarrollo econ\u00f3mico y social de Azua, al mejorar el acceso al agua para la producci\u00f3n agr\u00edcola, fortalecer la infraestructura deportiva y educativa, y ampliar el sistema energ\u00e9tico de la regi\u00f3n.<\/p>\n<p>Adem\u00e1s, las jornadas sociales y los encuentros con j\u00f3venes reflejan el compromiso del Gobierno con la inclusi\u00f3n, la formaci\u00f3n y el bienestar de las comunidades locales.<\/p>\n<p>&#8220;El Gobierno Contigo&#8221; en el municipio de San Antonio de Guerra<\/p>\n<p>El presidente Abinader este viernes encabezar\u00e1 &#8220;El Gobierno Contigo&#8221; en el municipio de San Antonio de Guerra. La actividad est\u00e1 programada para las 3:00 de la tarde.<\/p>\n<p>El programa procura acercar cada vez m\u00e1s a las instituciones p\u00fablicas de asistencia social con la poblaci\u00f3n.<\/p>\n<p>Padre Las Casas<\/p>\n<p>La jornada del jefe de Estado el s\u00e1bado inicia a las 10:30 de la ma\u00f1ana con la inauguraci\u00f3n de la rehabilitaci\u00f3n del canal Los Cucuses, Sabana Yegua, y de la construcci\u00f3n del muro de gaviones, as\u00ed como varias obras m\u00e1s realizadas en conjunto por el Instituto Nacional de Recursos Hidr\u00e1ulicos (INDRHI) y la Empresa de Generaci\u00f3n Hidroel\u00e9ctrica Dominicana (EGEHID).<\/p>\n<p>Villarpando y Los Toros<\/p>\n<p>M\u00e1s adelante, en el distrito municipal de Villarpando, el gobernante encabezar\u00e1 la inauguraci\u00f3n de la rehabilitaci\u00f3n del canal de Ysura.<\/p>\n<p>Asimismo, el presidente Abinader dejar\u00e1 inaugurado el pley de Los Toros para el disfrute y recreaci\u00f3n de los habitantes del mencionado distrito municipal.<\/p>\n<p>Azua<\/p>\n<p>Luego, el jefe de Estado sostendr\u00e1 un almuerzo-encuentro con j\u00f3venes estudiantes de escuelas p\u00fablicas y privadas, y estudiantes del programa de Ingl\u00e9s por Inmersi\u00f3n.<\/p>\n<p>De igual forma, visitar\u00e1 en el sector La Bombita la Jornada de Inclusi\u00f3n Social \u201cPrimero T\u00fa\u201d, que se realizar\u00e1 en la escuela \u00c1ngel Rivera.<\/p>\n<p>Esteban\u00eda y Las Charcas<\/p>\n<p>El mandatario tambi\u00e9n encabezar\u00e1 inauguraciones de polideportivos en las comunidades de Esteban\u00eda y Las Charcas.<\/p>\n<p>Cruce de Ocoa<\/p>\n<p>El presidente Abinader culminar\u00e1 su agenda de trabajo el s\u00e1bado en el Cruce de Ocoa con la inauguraci\u00f3n de la l\u00ednea de transmisi\u00f3n de 138 kV, que ser\u00e1 de beneficio para los habitantes de la zona.<\/p>\n<p>Direcci\u00f3n de Prensa del Presidente<\/p>\n<p>Impactos: 28<\/p>","protected":false},"excerpt":{"rendered":"<p>El presidente Luis Abinader agotar\u00e1 una agenda de trabajo este s\u00e1bado en la provincia de Azua , donde dejar\u00e1 inauguradas importantes obras de infraestructuras,<\/p>\n","protected":false},"author":3,"featured_media":23823,"comment_status":"closed","ping_status":"closed","sticky":false,"template":"","format":"standard","meta":[],"categories":[3],"tags":[],"_links":{"self":[{"href":"https:\/\/hormigaradio.com\/index.php?rest_route=\/wp\/v2\/posts\/23821"}],"collection":[{"href":"https:\/\/hormigaradio.com\/index.php?rest_route=\/wp\/v2\/posts"}],"about":[{"href":"https:\/\/hormigaradio.com\/index.php?rest_route=\/wp\/v2\/types\/post"}],"author":[{"embeddable":true,"href":"https:\/\/hormigaradio.com\/index.php?rest_route=\/wp\/v2\/users\/3"}],"replies":[{"embeddable":true,"href":"https:\/\/hormigaradio.com\/index.php?rest_route=%2Fwp%2Fv2%2Fcomments&post=23821"}],"version-history":[{"count":1,"href":"https:\/\/hormigaradio.com\/index.php?rest_route=\/wp\/v2\/posts\/23821\/revisions"}],"predecessor-version":[{"id":23822,"href":"https:\/\/hormigaradio.com\/index.php?rest_route=\/wp\/v2\/posts\/23821\/revisions\/23822"}],"wp:featuredmedia":[{"embeddable":true,"href":"https:\/\/hormigaradio.com\/index.php?rest_route=\/wp\/v2\/media\/23823"}],"wp:attachment":[{"href":"https:\/\/hormigaradio.com\/index.php?rest_route=%2Fwp%2Fv2%2Fmedia&parent=23821"}],"wp:term":[{"taxonomy":"category","embeddable":true,"href":"https:\/\/hormigaradio.com\/index.php?rest_route=%2Fwp%2Fv2%2Fcategories&post=23821"},{"taxonomy":"post_tag","embeddable":true,"href":"https:\/\/hormigaradio.com\/index.php?rest_route=%2Fwp%2Fv2%2Ftags&post=23821"}],"curies":[{"name":"wp","href":"https:\/\/api.w.org\/{rel}","templated":true}]}}