{"id":23827,"date":"2025-07-28T02:02:42","date_gmt":"2025-07-28T02:02:42","guid":{"rendered":"https:\/\/hormigaradio.com\/?p=23827"},"modified":"2025-07-28T02:04:41","modified_gmt":"2025-07-28T02:04:41","slug":"nueva-fiscalia-en-sosua-abordara-casos-de-proxenetismo-trata-y-trafico-de-personas","status":"publish","type":"post","link":"https:\/\/hormigaradio.com\/?p=23827","title":{"rendered":"NUEVA FISCAL\u00cdA EN SOS\u00daA ABORDAR\u00c1 CASOS DE PROXENETISMO, TRATA Y TR\u00c1FICO DE PERSONAS"},"content":{"rendered":"<p>Por\u00a0<span class=\"name font-600\"><a title=\"Servicios de Acento.com.do\" href=\"https:\/\/acento.com.do\/autor\/servicios.html\">Servicios de Acento.com.do<\/a><\/span><\/p>\n<p>La procuradora general de la Rep\u00fablica, Yeni Berenice Reynoso, inaugur\u00f3 una Fiscal\u00eda Especial en Sos\u00faa, instalada como parte de la segunda fase de la\u00a0<strong>Operaci\u00f3n Atl\u00e1ntico,<\/strong>\u00a0con un enfoque especial para sus primeros seis meses, en la investigaci\u00f3n y procesamientos de casos relacionados con el proxenetismo, la trata y tr\u00e1fico de personas, el microtr\u00e1fico y la\u00a0<strong>explotaci\u00f3n sexual.<\/strong><\/p>\n<p>\u201cSos\u00faa tiene todo para ser un polo tur\u00edstico de excelencia\u201d, dijo Reynoso, al reafirmar el compromiso de las agencias que participan de la\u00a0<strong>Operaci\u00f3n Atl\u00e1ntico<\/strong>\u00a0para que el municipio desarrolle un turismo alejado del delito, sin explotar mujeres y ni\u00f1os.<\/p>\n<p>\u201cSos\u00faa solo necesita un relanzamiento, que estoy segura el\u00a0<strong>Ministerio de Turismo<\/strong>\u00a0va a acompa\u00f1arlo, y nosotros en lo que sea necesario\u201d, a\u00f1adi\u00f3.<\/p>\n<p>\u201cNo les tengo que decir a los fiscales que voy a estar d\u00eda tras d\u00eda pidiendo resultados porque yo s\u00e9 que ellos lo saben, y que Patricia<\/p>\n<p>La fiscal Hilda Patricia Lagombra Polanco se desempe\u00f1\u00f3 en el pasado como coordinadora nacional del\u00a0<strong>Modelo de Gesti\u00f3n Penitenciaria.<\/strong><\/p>\n<p>Estuvo en la\u00a0<strong>Fiscal\u00eda de Puerto Plata<\/strong>\u00a0y ahora pasa al frente de la Fiscal\u00eda Especial de Sos\u00faa que ofrecer\u00e1 servicios a la poblaci\u00f3n en sus instalaciones de la plaza Linda Marina, ubicada en la\u00a0calle Pedro Clisante n\u00famero 58.<\/p>\n<p>\u201cQuiero dar las gracias a las agencias de seguridad e investigaci\u00f3n del Estado que han mantenido y van a mantener ese patrullaje mixto desde la Polic\u00eda Nacional, las Fuerzas Armadas, a todos ellos, las gracias\u201d, indic\u00f3 Reynoso en reconocimiento a las distintas instituciones que confluyen en la\u00a0<strong>Operaci\u00f3n Atl\u00e1ntico.<\/strong><\/p>\n<p>Tambi\u00e9n, reconoci\u00f3 el trabajo de la Direcci\u00f3n Nacional de Persecuci\u00f3n del Ministerio P\u00fablico, encabezada por el procurador adjunto Wilson Camacho, y de Yoanna Bejar\u00e1n \u00c1lvarez, Olga Din\u00e1 Llaver\u00edas y Danissa Cruz, responsables de la Procuradur\u00eda Especializada contra la Trata de Personas y el Tr\u00e1fico Il\u00edcito de Migrantes (PETT),\u00a0 de la Direcci\u00f3n Nacional de Ni\u00f1os, Ni\u00f1as, Adolescentes y Familia (Dinnaf) y de la Unidad de Derechos Humanos de la Procuradur\u00eda General.<\/p>\n<p>La procuradora Reynoso explic\u00f3 que la\u00a0<strong>Operaci\u00f3n Atl\u00e1ntico<\/strong>\u00a0se planific\u00f3 estrat\u00e9gicamente. \u201cTen\u00edamos m\u00e1s de cuatro meses investigando lo que pasaba en\u00a0<strong>Sos\u00faa<\/strong>; quiz\u00e1s no nos ve\u00edan, porque era con encubiertos, pero a los criminales les decimos: Nosotros sabemos y sabemos todo, y\u00a0<strong>Sos\u00faa<\/strong>\u00a0no ser\u00e1 jam\u00e1s la Sos\u00faa que era antes de la\u00a0<strong>Operaci\u00f3n Atl\u00e1ntico\u201d.<\/strong><\/p>\n<p>\u201cLa\u00a0<strong>Operaci\u00f3n Atl\u00e1ntico<\/strong>\u00a0es un modelo de acompa\u00f1amiento comunitario a la sociedad. La Operaci\u00f3n Atl\u00e1ntico es una puerta para transformar un municipio hist\u00f3rico como el municipio de Sos\u00faa\u201d.<\/p>\n<p>Sostuvo que el municipio, que recibir\u00e1 una atenci\u00f3n especial de otras dependencias del Estado, no tiene nada que envidiarle a ning\u00fan otro polo tur\u00edstico del pa\u00eds. \u201cSos\u00faa solo necesita la articulaci\u00f3n que ha iniciado con la Operaci\u00f3n Atl\u00e1ntico\u201d, dijo.<\/p>\n<div class=\"related-news\">\n<div class=\"related-news__fake-slider\"><\/div>\n<\/div>\n<p>Adelant\u00f3 que el patrullaje mixto se mantendr\u00e1 en beneficio de la tranquilidad de los mun\u00edcipes y de la seguridad de los turistas y de los comercios y comerciantes del municipio. \u201cEstas son las agencias de investigaci\u00f3n y persecuci\u00f3n del Estado, unidas para garantizar la paz y la seguridad de las personas buenas, las personas trabajadoras\u201d, sostuvo.<\/p>\n<div class=\"con-tags-container\"><\/div>\n<p>Impactos: 32<\/p>","protected":false},"excerpt":{"rendered":"<p>Por\u00a0Servicios de Acento.com.do La procuradora general de la Rep\u00fablica, Yeni Berenice Reynoso, inaugur\u00f3 una Fiscal\u00eda Especial en Sos\u00faa, instalada como parte de la segunda<\/p>\n","protected":false},"author":3,"featured_media":23829,"comment_status":"closed","ping_status":"closed","sticky":false,"template":"","format":"standard","meta":[],"categories":[3],"tags":[],"_links":{"self":[{"href":"https:\/\/hormigaradio.com\/index.php?rest_route=\/wp\/v2\/posts\/23827"}],"collection":[{"href":"https:\/\/hormigaradio.com\/index.php?rest_route=\/wp\/v2\/posts"}],"about":[{"href":"https:\/\/hormigaradio.com\/index.php?rest_route=\/wp\/v2\/types\/post"}],"author":[{"embeddable":true,"href":"https:\/\/hormigaradio.com\/index.php?rest_route=\/wp\/v2\/users\/3"}],"replies":[{"embeddable":true,"href":"https:\/\/hormigaradio.com\/index.php?rest_route=%2Fwp%2Fv2%2Fcomments&post=23827"}],"version-history":[{"count":1,"href":"https:\/\/hormigaradio.com\/index.php?rest_route=\/wp\/v2\/posts\/23827\/revisions"}],"predecessor-version":[{"id":23828,"href":"https:\/\/hormigaradio.com\/index.php?rest_route=\/wp\/v2\/posts\/23827\/revisions\/23828"}],"wp:featuredmedia":[{"embeddable":true,"href":"https:\/\/hormigaradio.com\/index.php?rest_route=\/wp\/v2\/media\/23829"}],"wp:attachment":[{"href":"https:\/\/hormigaradio.com\/index.php?rest_route=%2Fwp%2Fv2%2Fmedia&parent=23827"}],"wp:term":[{"taxonomy":"category","embeddable":true,"href":"https:\/\/hormigaradio.com\/index.php?rest_route=%2Fwp%2Fv2%2Fcategories&post=23827"},{"taxonomy":"post_tag","embeddable":true,"href":"https:\/\/hormigaradio.com\/index.php?rest_route=%2Fwp%2Fv2%2Ftags&post=23827"}],"curies":[{"name":"wp","href":"https:\/\/api.w.org\/{rel}","templated":true}]}}