{"id":23877,"date":"2025-08-04T03:43:44","date_gmt":"2025-08-04T03:43:44","guid":{"rendered":"https:\/\/hormigaradio.com\/?p=23877"},"modified":"2025-08-04T03:46:26","modified_gmt":"2025-08-04T03:46:26","slug":"fuerza-del-pueblo-en-su-primera-prueba-interna-en-santiago","status":"publish","type":"post","link":"https:\/\/hormigaradio.com\/?p=23877","title":{"rendered":"FUERZA DEL PUEBLO EN SU PRIMERA PRUEBA INTERNA EN SANTIAGO"},"content":{"rendered":"<p>Por\u00a0<span class=\"name font-600\"><a title=\"M\u00e1ximo Laureano\" href=\"https:\/\/acento.com.do\/autor\/mlaureano.html\">M\u00e1ximo Laureano<\/a><\/span><\/p>\n<p>Cerca de cinco mil activistas de direcci\u00f3n de base del Partido Fuerza del Pueblo (FP) acudieron este domingo a las votaciones internas para elegir las autoridades de esa organizaci\u00f3n pol\u00edtica en la provincia Santiago.<\/p>\n<p>En esta demarcaci\u00f3n, la direcci\u00f3n del grupo de oposici\u00f3n habilit\u00f3 tres centros para los votantes, los cuales se concentraron en el Club Gregorio Urbano Gilbert (GUG), en el barrio Libertad; el Club Caza y Pesca, en Bella Vista; y la casa del Colegio Dominicano de Periodistas (CDP), en la Villa Ol\u00edmpica.<\/p>\n<div class=\"banner-box\"><\/div>\n<div class=\"article-body\">\n<p><iframe loading=\"lazy\" title=\"Fuerza del Pueblo en su primera prueba interna en Santiago\" src=\"https:\/\/geo.dailymotion.com\/player.html?video=x9o3qcw&amp;\" width=\"500\" height=\"625\" frameborder=\"0\" allowfullscreen=\"allowfullscreen\" data-mce-fragment=\"1\"><\/iframe><\/p>\n<\/div>\n<p>En relaci\u00f3n con el proceso interno de la FP, ha sido notorio el movimiento entre los compa\u00f1eros para motivar el voto de unos y otros aspirantes a los cargos direccionales.<\/p>\n<p>&#8220;Yo voy a votar por ti, porque si t\u00fa llegas, yo llego, y lo que yo quiero es un trabajo&#8221;, proclam\u00f3 una activista de direcci\u00f3n de base de la Circunscripci\u00f3n n\u00famero tres.<\/p>\n<p>Algunos de los votantes en las elecciones de la FP, consultados, se mostraron entusiastas por la asistencia de los activistas y argumentaron que eso era evidencia del crecimiento del partido en su primera faena interna.<\/p>\n<p>&nbsp;<\/p>\n<p>Impactos: 37<\/p>","protected":false},"excerpt":{"rendered":"<p>Por\u00a0M\u00e1ximo Laureano Cerca de cinco mil activistas de direcci\u00f3n de base del Partido Fuerza del Pueblo (FP) acudieron este domingo a las votaciones internas<\/p>\n","protected":false},"author":3,"featured_media":23879,"comment_status":"closed","ping_status":"closed","sticky":false,"template":"","format":"standard","meta":[],"categories":[6],"tags":[],"_links":{"self":[{"href":"https:\/\/hormigaradio.com\/index.php?rest_route=\/wp\/v2\/posts\/23877"}],"collection":[{"href":"https:\/\/hormigaradio.com\/index.php?rest_route=\/wp\/v2\/posts"}],"about":[{"href":"https:\/\/hormigaradio.com\/index.php?rest_route=\/wp\/v2\/types\/post"}],"author":[{"embeddable":true,"href":"https:\/\/hormigaradio.com\/index.php?rest_route=\/wp\/v2\/users\/3"}],"replies":[{"embeddable":true,"href":"https:\/\/hormigaradio.com\/index.php?rest_route=%2Fwp%2Fv2%2Fcomments&post=23877"}],"version-history":[{"count":3,"href":"https:\/\/hormigaradio.com\/index.php?rest_route=\/wp\/v2\/posts\/23877\/revisions"}],"predecessor-version":[{"id":23881,"href":"https:\/\/hormigaradio.com\/index.php?rest_route=\/wp\/v2\/posts\/23877\/revisions\/23881"}],"wp:featuredmedia":[{"embeddable":true,"href":"https:\/\/hormigaradio.com\/index.php?rest_route=\/wp\/v2\/media\/23879"}],"wp:attachment":[{"href":"https:\/\/hormigaradio.com\/index.php?rest_route=%2Fwp%2Fv2%2Fmedia&parent=23877"}],"wp:term":[{"taxonomy":"category","embeddable":true,"href":"https:\/\/hormigaradio.com\/index.php?rest_route=%2Fwp%2Fv2%2Fcategories&post=23877"},{"taxonomy":"post_tag","embeddable":true,"href":"https:\/\/hormigaradio.com\/index.php?rest_route=%2Fwp%2Fv2%2Ftags&post=23877"}],"curies":[{"name":"wp","href":"https:\/\/api.w.org\/{rel}","templated":true}]}}