{"id":23887,"date":"2025-08-04T04:07:09","date_gmt":"2025-08-04T04:07:09","guid":{"rendered":"https:\/\/hormigaradio.com\/?p=23887"},"modified":"2025-08-04T04:09:23","modified_gmt":"2025-08-04T04:09:23","slug":"la-policia-explico-detencion-del-periodista-edward-ramirez","status":"publish","type":"post","link":"https:\/\/hormigaradio.com\/?p=23887","title":{"rendered":"LA POLIC\u00cdA EXPLIC\u00d3 DETENCION DEL PERIODISTA EDWARD RAM\u00cdREZ"},"content":{"rendered":"<p>Por\u00a0<span class=\"name font-600\"><a title=\"Servicios de Acento.com.do\" href=\"https:\/\/acento.com.do\/autor\/servicios.html\">Servicios de Acento.com.do<\/a><\/span><\/p>\n<p>La\u00a0<strong>Polic\u00eda Nacional<\/strong>\u00a0inform\u00f3 que el periodista\u00a0<strong>Edward Ram\u00edrez<\/strong>\u00a0fue detenido pasada la medianoche del jueves 31 de julio, en las inmediaciones del Centro Ol\u00edmpico Juan Pablo Duarte, en el Distrito Nacional, mientras se encontraba en una zona boscosa acompa\u00f1ado de dos hombres.<\/p>\n<p>De acuerdo con la versi\u00f3n oficial, tanto\u00a0<strong>Ram\u00edrez<\/strong>\u00a0como los hombres que le acompa\u00f1aban presentaban signos de alteraci\u00f3n y sudoraci\u00f3n en el momento del arresto, el cual qued\u00f3 grabado en las c\u00e1maras corporales con circuito cerrado y encriptado, que poseen los agentes.<\/p>\n<p>En ese orden, la\u00a0<strong>Polic\u00eda Nacional<\/strong>\u00a0manifest\u00f3 que busca esclarecer por qu\u00e9 ninguno de los acompa\u00f1antes de\u00a0<strong>Ram\u00edrez<\/strong>\u00a0notific\u00f3 a terceros sobre la situaci\u00f3n.<\/p>\n<p>De su lado, el periodista\u00a0<strong>Edward Ram\u00edrez<\/strong>\u00a0comparti\u00f3 un video en sus redes sociales donde narra detalles del incidente, reconociendo que fue autorizado a realizar tres llamadas telef\u00f3nicas durante su detenci\u00f3n, indiciando que en una de las llamadas habl\u00f3 con una persona persona que se comprometi\u00f3 a gestionar su liberaci\u00f3n.<\/p>\n<section id=\"newsletter\">\n<header class=\"newsletter__header\"><\/header>\n<p class=\"newsletter__disclaimer\">Subray\u00f3 que intent\u00f3 comunicarse una cuarta vez con su familia, pero no fue posible.<\/p>\n<\/section>\n<p>En el audiovisual,\u00a0<strong>Ram\u00edrez<\/strong>\u00a0denunci\u00f3 haber sido objeto de un trato verbal irrespetuoso por parte de los agentes, y calific\u00f3 su arresto como un acto arbitrario.<\/p>\n<p>Ante lo ocurrido, el director general de la\u00a0<strong>Polic\u00eda Nacional<\/strong>, mayor general\u00a0<strong>Ram\u00f3n Antonio Guzm\u00e1n Peralta,<\/strong>\u00a0orden\u00f3 una investigaci\u00f3n profunda del caso, la cual est\u00e1 siendo conducida por la Inspector\u00eda General de la instituci\u00f3n.<\/p>\n<p>El periodista\u00a0<strong>Edward Ram\u00edrez<\/strong>\u00a0<a href=\"https:\/\/acento.com.do\/amp\/actualidad\/periodista-edward-ramirez-de-el-nuevo-diario-esta-desaparecido-9531489.html\">hab\u00eda sido reportado como desaparecido tras<\/a>\u00a0desconocer su paradero al salir de las instalaciones del peri\u00f3dico el Nuevo Diario el mi\u00e9rcoles 30 de julio, pero se encontraba\u00a0<a href=\"https:\/\/acento.com.do\/amp\/actualidad\/edward-ramirez-periodista-desaparecido-reaparece-detenido-en-naco-9531652.html\">detenido en el destacamento del Ensanche Naco, en el Distrito Nacional<\/a>.<\/p>\n<p><strong>Versi\u00f3n del periodista.<\/strong><\/p>\n<p><iframe loading=\"lazy\"  id=\"_ytid_89344\" width=\"715\" height=\"402\"  data-origwidth=\"715\" data-origheight=\"402\"  src=\"https:\/\/www.youtube.com\/embed\/lGXMlB66I78?enablejsapi=1&#038;autoplay=0&#038;cc_load_policy=0&#038;iv_load_policy=1&#038;loop=0&#038;modestbranding=0&#038;rel=1&#038;fs=1&#038;playsinline=0&#038;autohide=2&#038;theme=dark&#038;color=red&#038;controls=1&#038;\" class=\"__youtube_prefs__\" title=\"YouTube player\"  allow=\"autoplay; encrypted-media\" allowfullscreen data-no-lazy=\"1\" data-skipgform_ajax_framebjll=\"\"><\/iframe><\/p>\n<p>Impactos: 46<\/p>","protected":false},"excerpt":{"rendered":"<p>Por\u00a0Servicios de Acento.com.do La\u00a0Polic\u00eda Nacional\u00a0inform\u00f3 que el periodista\u00a0Edward Ram\u00edrez\u00a0fue detenido pasada la medianoche del jueves 31 de julio, en las inmediaciones del Centro Ol\u00edmpico<\/p>\n","protected":false},"author":3,"featured_media":23888,"comment_status":"closed","ping_status":"closed","sticky":false,"template":"","format":"standard","meta":[],"categories":[3],"tags":[],"_links":{"self":[{"href":"https:\/\/hormigaradio.com\/index.php?rest_route=\/wp\/v2\/posts\/23887"}],"collection":[{"href":"https:\/\/hormigaradio.com\/index.php?rest_route=\/wp\/v2\/posts"}],"about":[{"href":"https:\/\/hormigaradio.com\/index.php?rest_route=\/wp\/v2\/types\/post"}],"author":[{"embeddable":true,"href":"https:\/\/hormigaradio.com\/index.php?rest_route=\/wp\/v2\/users\/3"}],"replies":[{"embeddable":true,"href":"https:\/\/hormigaradio.com\/index.php?rest_route=%2Fwp%2Fv2%2Fcomments&post=23887"}],"version-history":[{"count":3,"href":"https:\/\/hormigaradio.com\/index.php?rest_route=\/wp\/v2\/posts\/23887\/revisions"}],"predecessor-version":[{"id":23891,"href":"https:\/\/hormigaradio.com\/index.php?rest_route=\/wp\/v2\/posts\/23887\/revisions\/23891"}],"wp:featuredmedia":[{"embeddable":true,"href":"https:\/\/hormigaradio.com\/index.php?rest_route=\/wp\/v2\/media\/23888"}],"wp:attachment":[{"href":"https:\/\/hormigaradio.com\/index.php?rest_route=%2Fwp%2Fv2%2Fmedia&parent=23887"}],"wp:term":[{"taxonomy":"category","embeddable":true,"href":"https:\/\/hormigaradio.com\/index.php?rest_route=%2Fwp%2Fv2%2Fcategories&post=23887"},{"taxonomy":"post_tag","embeddable":true,"href":"https:\/\/hormigaradio.com\/index.php?rest_route=%2Fwp%2Fv2%2Ftags&post=23887"}],"curies":[{"name":"wp","href":"https:\/\/api.w.org\/{rel}","templated":true}]}}