{"id":23962,"date":"2025-08-20T04:18:31","date_gmt":"2025-08-20T04:18:31","guid":{"rendered":"https:\/\/hormigaradio.com\/?p=23962"},"modified":"2025-08-20T04:18:59","modified_gmt":"2025-08-20T04:18:59","slug":"adp-denuncia-atropellos-a-maestros-por-parte-de-directores-distritales","status":"publish","type":"post","link":"https:\/\/hormigaradio.com\/?p=23962","title":{"rendered":"ADP DENUNCIA ATROPELLOS A MAESTROS POR PARTE DE DIRECTORES DISTRITALES"},"content":{"rendered":"<p>Por\u00a0<span class=\"name font-600\"><a title=\"M\u00e1ximo Laureano\" href=\"https:\/\/acento.com.do\/autor\/mlaureano.html\">M\u00e1ximo Laureano<\/a><\/span><\/p>\n<p>Activistas en Santiago de la Asociaci\u00f3n Dominicana de Profesores (ADP) denunciaron que el inicio de la temporada escolar en esta demarcaci\u00f3n est\u00e1 sujeta a la intervenci\u00f3n de las autoridades educativas, a quienes llamaron a actuar para detener lo que denuncian como acciones de atropellos y maltratos a profesionales del magisterio por parte de t\u00e9cnicos de los distritos.<\/p>\n<p>Las portavoces de la ADP, representadas por Miguel Jorge, denunciaron que los maestros son objeto de una persecuciones motivadas por directores de los distritos que hacen recomendaciones para cancelaciones y traslados injustificados, para beneficiar a los suyos.<\/p>\n<p><iframe loading=\"lazy\" title=\"ADP denuncia atropellos a maestros por parte de directores distritales Santiago\" src=\"https:\/\/geo.dailymotion.com\/player.html?video=x9p335k&amp;\" width=\"500\" height=\"625\" frameborder=\"0\" allowfullscreen=\"allowfullscreen\" data-mce-fragment=\"1\"><\/iframe><\/p>\n<p>Jorge dijo que tiene en mano las documentaciones que avalan que t\u00e9cnicos distritales han tomado las decisiones de elegir con quien trabajan y con quien no, &#8220;actuando por encima de las autoridades superiores en perjuicio de los compa\u00f1eros afiliados a la ADP&#8221;.<\/p>\n<section id=\"newsletter\">\n<header class=\"newsletter__header\"><\/header>\n<p class=\"newsletter__disclaimer\">Los directivos del gremio de los maestros dieron de plazo a las autoridades del Ministerio de Educaci\u00f3n el viernes 22 de agosto para que resuelvan los conflictos, activados por el grupo que identificaron como &#8220;los incontrolables que maltratan y violentan procesos internos en los distritos educativos, en espec\u00edfico el distrito 80-05\u2033.<\/p>\n<\/section>\n<div class=\"banner-box\"><\/div>\n<p>&nbsp;<\/p>\n<div class=\"con-tags-container\">\n<p class=\"con-tags__kicker\">\n<\/div>\n<p>Impactos: 35<\/p>","protected":false},"excerpt":{"rendered":"<p>Por\u00a0M\u00e1ximo Laureano Activistas en Santiago de la Asociaci\u00f3n Dominicana de Profesores (ADP) denunciaron que el inicio de la temporada escolar en esta demarcaci\u00f3n est\u00e1<\/p>\n","protected":false},"author":3,"featured_media":23963,"comment_status":"closed","ping_status":"closed","sticky":false,"template":"","format":"standard","meta":[],"categories":[8],"tags":[],"_links":{"self":[{"href":"https:\/\/hormigaradio.com\/index.php?rest_route=\/wp\/v2\/posts\/23962"}],"collection":[{"href":"https:\/\/hormigaradio.com\/index.php?rest_route=\/wp\/v2\/posts"}],"about":[{"href":"https:\/\/hormigaradio.com\/index.php?rest_route=\/wp\/v2\/types\/post"}],"author":[{"embeddable":true,"href":"https:\/\/hormigaradio.com\/index.php?rest_route=\/wp\/v2\/users\/3"}],"replies":[{"embeddable":true,"href":"https:\/\/hormigaradio.com\/index.php?rest_route=%2Fwp%2Fv2%2Fcomments&post=23962"}],"version-history":[{"count":1,"href":"https:\/\/hormigaradio.com\/index.php?rest_route=\/wp\/v2\/posts\/23962\/revisions"}],"predecessor-version":[{"id":23964,"href":"https:\/\/hormigaradio.com\/index.php?rest_route=\/wp\/v2\/posts\/23962\/revisions\/23964"}],"wp:featuredmedia":[{"embeddable":true,"href":"https:\/\/hormigaradio.com\/index.php?rest_route=\/wp\/v2\/media\/23963"}],"wp:attachment":[{"href":"https:\/\/hormigaradio.com\/index.php?rest_route=%2Fwp%2Fv2%2Fmedia&parent=23962"}],"wp:term":[{"taxonomy":"category","embeddable":true,"href":"https:\/\/hormigaradio.com\/index.php?rest_route=%2Fwp%2Fv2%2Fcategories&post=23962"},{"taxonomy":"post_tag","embeddable":true,"href":"https:\/\/hormigaradio.com\/index.php?rest_route=%2Fwp%2Fv2%2Ftags&post=23962"}],"curies":[{"name":"wp","href":"https:\/\/api.w.org\/{rel}","templated":true}]}}