{"id":23965,"date":"2025-08-20T04:23:52","date_gmt":"2025-08-20T04:23:52","guid":{"rendered":"https:\/\/hormigaradio.com\/?p=23965"},"modified":"2025-08-20T04:23:52","modified_gmt":"2025-08-20T04:23:52","slug":"manifestacion-choferes-en-el-ayuntamiento-santiago-termino-con-cinco-apresados","status":"publish","type":"post","link":"https:\/\/hormigaradio.com\/?p=23965","title":{"rendered":"MANIFESTACI\u00d3N CHOFERES EN EL AYUNTAMIENTO SANTIAGO  TERMIN\u00d3 CON  CINCO APRESADOS"},"content":{"rendered":"<p>Por\u00a0<span class=\"name font-600\"><a title=\"M\u00e1ximo Laureano\" href=\"https:\/\/acento.com.do\/autor\/mlaureano.html\">M\u00e1ximo Laureano<\/a><\/span><\/p>\n<p>Una manifestaci\u00f3n de trabajadores del transporte urbano en el Ayuntamiento de Santiago fue disuelta este martes por las autoridades policiales que apresaron a cinco de los activistas que agitaban el evento para exigir que deje de operar una ruta que consideran ilegal.<\/p>\n<p>Marcelo, el Pinto, el Chino y otros trabajdores del transporte fueron esposados y traslados por agente de un cuerpo especial de la Polic\u00eda Nacional, hasta la sede en Santiago de la Direccci\u00f3n Regional Cibao Central de la instituci\u00f3n.<\/p>\n<p><iframe loading=\"lazy\" title=\"Manifestacio\u0301n choferes en el Ayuntamiento Santiago termino\u0301 con cinco apresados\" src=\"https:\/\/geo.dailymotion.com\/player.html?video=x9p3d2a&amp;\" width=\"500\" height=\"500\" frameborder=\"0\" allowfullscreen=\"allowfullscreen\" data-mce-fragment=\"1\"><\/iframe><\/p>\n<p>Los choferes que han asumido la vocer\u00eda de las rutas urbanas M, F, Q y otras se concentraron en la explanada del edificio de la administraci\u00f3n muncipal para exigir que se haga cumplir una disposici\u00f3n del INSTRANT que establece que la reci\u00e9n creada ruta SO, del distrito municipal Santiago Oeste y sus barrios, no puede operar porque carece de sustento legal.<\/p>\n<section id=\"newsletter\">\n<header class=\"newsletter__header\"><\/header>\n<p class=\"newsletter__disclaimer\">Entre otros argumentos, los manifestantes reclamaron alcalde Jos\u00e9 Ulises Rodr\u00edguez Guzm\u00e1n \u201cponerse los pantalones\u201d y darse a respetar, evitando que la nueva ruta SO opere, ya que el recorrido de la misma coincide con el corredor de otras rutas establecidas.<\/p>\n<\/section>\n<p>En sus argumentos, los choferes tambi\u00e9n afirmaron que el acalde de Santiago es el responsable de la que la ruta SO est\u00e9 operando, porque no ha querido imponer su autoridad como administrador de la municipalidad.<\/p>\n<div class=\"banner-box\"><\/div>\n<p>Los activistas tambi\u00e9n alegaron que una resoluci\u00f3n aprobada en el Consejo de Regidores no puede estar por encima de lo establecido en la Ley 63-17, que da la facultad al INSTRANT de tomar la decisi\u00f3n.<\/p>\n<p><strong>&#8220;No se trat\u00f3 de una detenci\u00f3n&#8221;<\/strong><\/p>\n<p>Gervasio De la Rosa, que dirige la Federaci\u00f3n Transportita de la Regi\u00f3n Norte (Fenatrareno), dijo que no se trat\u00f3 de una detenci\u00f3n, sino que fueron llevados a la oficina del direcor local de la Polic\u00eda, el general Juan Bautista Jim\u00e9nez Reynoso, quien estaba interesado en conversar con los motivadores de la protesta.<\/p>\n<p>\u201cFue que el general lo mand\u00f3 a buscar para hablar con ellos, pero \u00e9l lo dej\u00f3 libre de una vez\u201d, dijo el dirigente del transporte, contacatado por la redacci\u00f3n en Santiago de Acento.<\/p>\n<p>En paralelo con las manifestaciones de los activistas de las rutas F, M, Q y otros, los beneficiarios de la ruta SO alegan que seguir\u00e1n trabajando porque est\u00e1n debidamente avalados por el Ayuntamiento.<\/p>\n<p>Impactos: 39<\/p>","protected":false},"excerpt":{"rendered":"<p>Por\u00a0M\u00e1ximo Laureano Una manifestaci\u00f3n de trabajadores del transporte urbano en el Ayuntamiento de Santiago fue disuelta este martes por las autoridades policiales que apresaron<\/p>\n","protected":false},"author":3,"featured_media":23966,"comment_status":"closed","ping_status":"closed","sticky":false,"template":"","format":"standard","meta":[],"categories":[8],"tags":[],"_links":{"self":[{"href":"https:\/\/hormigaradio.com\/index.php?rest_route=\/wp\/v2\/posts\/23965"}],"collection":[{"href":"https:\/\/hormigaradio.com\/index.php?rest_route=\/wp\/v2\/posts"}],"about":[{"href":"https:\/\/hormigaradio.com\/index.php?rest_route=\/wp\/v2\/types\/post"}],"author":[{"embeddable":true,"href":"https:\/\/hormigaradio.com\/index.php?rest_route=\/wp\/v2\/users\/3"}],"replies":[{"embeddable":true,"href":"https:\/\/hormigaradio.com\/index.php?rest_route=%2Fwp%2Fv2%2Fcomments&post=23965"}],"version-history":[{"count":1,"href":"https:\/\/hormigaradio.com\/index.php?rest_route=\/wp\/v2\/posts\/23965\/revisions"}],"predecessor-version":[{"id":23967,"href":"https:\/\/hormigaradio.com\/index.php?rest_route=\/wp\/v2\/posts\/23965\/revisions\/23967"}],"wp:featuredmedia":[{"embeddable":true,"href":"https:\/\/hormigaradio.com\/index.php?rest_route=\/wp\/v2\/media\/23966"}],"wp:attachment":[{"href":"https:\/\/hormigaradio.com\/index.php?rest_route=%2Fwp%2Fv2%2Fmedia&parent=23965"}],"wp:term":[{"taxonomy":"category","embeddable":true,"href":"https:\/\/hormigaradio.com\/index.php?rest_route=%2Fwp%2Fv2%2Fcategories&post=23965"},{"taxonomy":"post_tag","embeddable":true,"href":"https:\/\/hormigaradio.com\/index.php?rest_route=%2Fwp%2Fv2%2Ftags&post=23965"}],"curies":[{"name":"wp","href":"https:\/\/api.w.org\/{rel}","templated":true}]}}