{"id":23968,"date":"2025-08-20T04:30:19","date_gmt":"2025-08-20T04:30:19","guid":{"rendered":"https:\/\/hormigaradio.com\/?p=23968"},"modified":"2025-08-20T04:32:55","modified_gmt":"2025-08-20T04:32:55","slug":"vicepresidenta-raquel-pena-encebeza-apertura-programa-talento-digital-rd-en-santiago","status":"publish","type":"post","link":"https:\/\/hormigaradio.com\/?p=23968","title":{"rendered":"VICEPRESIDENTA RAQUEL PE\u00d1A ENCEBEZA APERTURA PROGRAMA TALENTO DIGITAL RD EN SANTIAGO"},"content":{"rendered":"<p>Por\u00a0<span class=\"name font-600\"><a title=\"M\u00e1ximo Laureano\" href=\"https:\/\/acento.com.do\/autor\/mlaureano.html\">M\u00e1ximo Laureano<\/a><\/span><\/p>\n<p>La vicepresidenta Raquel Pe\u00f1a encabez\u00f3 el acto de apertura en Santiago del programa \u201cTalento Digital RD\u201d, del Instituto Dominicano de las Telecomunicaciones (Indotel), con el cual se procura entregar 30 mil becas para la formaci\u00f3n en habilidades digitales intermedias y avanzadas.<\/p>\n<p>\u201cDesde el gobierno que encabeza el presidente Luis Abinader, hemos reafirmado nuestro compromiso de garantizar que cada joven dominicano y dominicana encuentre en la educaci\u00f3n la oportunidad de forjar su vida con esperanza y de aportar al desarrollo del pa\u00eds\u201d, dijo Pe\u00f1a.<\/p>\n<p>Agreg\u00f3 que ha sido una constante del gobierno dedicar los espacios adecuados para el desarrollo formativo de los j\u00f3venes y afirm\u00f3 que al iniciar esta gesti\u00f3n presidencial el pa\u00eds contaba con apenas 5 mil becas en \u00e1reas de ciencia, tecnolog\u00eda y matem\u00e1ticas, por lo que en el primer mandato est\u00e1 cifra se duplic\u00f3 a 10 mil.<\/p>\n<p>\u201cY este segundo mandato, con el apoyo del Ministerio de Educaci\u00f3n, del sector privado y de aliados estrat\u00e9gicos, asumimos una meta a\u00fan m\u00e1s ambiciosa: superar las 30 mil becas para el a\u00f1o 2026\u201d, subray\u00f3.<\/p>\n<section id=\"newsletter\">\n<header class=\"newsletter__header\"><\/header>\n<p class=\"newsletter__disclaimer\">El presidente del consejo directivo del Indotel, Guido G\u00f3mez Mazara, expres\u00f3 a su vez que Talento Digital RD, impulsa la transformaci\u00f3n digital del pa\u00eds, fortalece el ecosistema de tecnolog\u00edas de la informaci\u00f3n y comunicaci\u00f3n y genera talento de alto nivel.<\/p>\n<\/section>\n<h2>Ecosistema digital competitivo e inclusivo<\/h2>\n<figure class=\"no-caption\"><img loading=\"lazy\" title=\"Vicepresidenta encabeza apertura programa Talento digital RD\" src=\"https:\/\/media.acento.com.do\/media\/storage02\/uploads\/2025\/08\/WhatsApp-Image-2025-08-19-at-17.36.35-1-728x485.webp\" alt=\"Vicepresidenta encabeza apertura programa Talento digital RD\" width=\"728\" height=\"485\" \/><\/figure>\n<p>\u201cEstas 30 mil becas representan un paso firme hacia la construcci\u00f3n de un ecosistema digital m\u00e1s competitivo, inclusivo y sostenible, con talento local preparado para enfrentar los desaf\u00edos y aprovechar las oportunidades del futuro digital\u201d, expres\u00f3 G\u00f3mez Mazara.<\/p>\n<div class=\"banner-box\"><\/div>\n<p>Las autoridades que participaron en el acto desarrollado en el Gran Teatro del Cibao, anunciaron que este proyecto forma parte del Programa para Mejorar la Conectividad para la Transformaci\u00f3n Digital en Rep\u00fablica Dominicana, y est\u00e1 habilitado a personas con conocimientos digitales b\u00e1sicos.<\/p>\n<p>Impactos: 40<\/p>","protected":false},"excerpt":{"rendered":"<p>Por\u00a0M\u00e1ximo Laureano La vicepresidenta Raquel Pe\u00f1a encabez\u00f3 el acto de apertura en Santiago del programa \u201cTalento Digital RD\u201d, del Instituto Dominicano de las Telecomunicaciones<\/p>\n","protected":false},"author":3,"featured_media":23969,"comment_status":"closed","ping_status":"closed","sticky":false,"template":"","format":"standard","meta":[],"categories":[3],"tags":[],"_links":{"self":[{"href":"https:\/\/hormigaradio.com\/index.php?rest_route=\/wp\/v2\/posts\/23968"}],"collection":[{"href":"https:\/\/hormigaradio.com\/index.php?rest_route=\/wp\/v2\/posts"}],"about":[{"href":"https:\/\/hormigaradio.com\/index.php?rest_route=\/wp\/v2\/types\/post"}],"author":[{"embeddable":true,"href":"https:\/\/hormigaradio.com\/index.php?rest_route=\/wp\/v2\/users\/3"}],"replies":[{"embeddable":true,"href":"https:\/\/hormigaradio.com\/index.php?rest_route=%2Fwp%2Fv2%2Fcomments&post=23968"}],"version-history":[{"count":1,"href":"https:\/\/hormigaradio.com\/index.php?rest_route=\/wp\/v2\/posts\/23968\/revisions"}],"predecessor-version":[{"id":23970,"href":"https:\/\/hormigaradio.com\/index.php?rest_route=\/wp\/v2\/posts\/23968\/revisions\/23970"}],"wp:featuredmedia":[{"embeddable":true,"href":"https:\/\/hormigaradio.com\/index.php?rest_route=\/wp\/v2\/media\/23969"}],"wp:attachment":[{"href":"https:\/\/hormigaradio.com\/index.php?rest_route=%2Fwp%2Fv2%2Fmedia&parent=23968"}],"wp:term":[{"taxonomy":"category","embeddable":true,"href":"https:\/\/hormigaradio.com\/index.php?rest_route=%2Fwp%2Fv2%2Fcategories&post=23968"},{"taxonomy":"post_tag","embeddable":true,"href":"https:\/\/hormigaradio.com\/index.php?rest_route=%2Fwp%2Fv2%2Ftags&post=23968"}],"curies":[{"name":"wp","href":"https:\/\/api.w.org\/{rel}","templated":true}]}}