{"id":23984,"date":"2025-08-24T00:34:11","date_gmt":"2025-08-24T00:34:11","guid":{"rendered":"https:\/\/hormigaradio.com\/?p=23984"},"modified":"2025-08-24T00:37:07","modified_gmt":"2025-08-24T00:37:07","slug":"fallece-actor-dominicano-miguel-angel-martinez","status":"publish","type":"post","link":"https:\/\/hormigaradio.com\/?p=23984","title":{"rendered":"FALLECE ACTOR DOMINICANO MIGUEL \u00c1NGEL MART\u00cdNEZ"},"content":{"rendered":"<p>Por\u00a0<span class=\"name font-600\"><a title=\"Servicios de Acento.com.do\" href=\"https:\/\/acento.com.do\/autor\/servicios.html\">Servicios de Acento.com.do<\/a><\/span><\/p>\n<p>La Asociaci\u00f3n Dominicana de Actores de Cine (<strong>ADAC<\/strong>) manifest\u00f3 su pesar por el fallecimiento del actor Miguel \u00c1ngel Mart\u00ednez.<\/p>\n<p>Mart\u00ednez era actor de teatro, cine y televisi\u00f3n en Rep\u00fablica Dominicana. Adem\u00e1s, fue part\u00edcipe de audiovisusales nacionales como<em>\u00a0Ladrones a domicilio, Y a Dios que me perdone, Tr\u00f3pico de sangre,\u00a0La soga y La lucha de Ana<\/em>.<\/p>\n<p>Nacido en la provincia\u00a0<strong>S\u00e1nchez Ram\u00edrez,<\/strong>\u00a0inici\u00f3 su carrera art\u00edstica en 1972, primero en la actuaci\u00f3n y luego consolid\u00e1ndose como un profesional vers\u00e1til en el teatro y el cine.<\/p>\n<p>El gremio inform\u00f3 que fue una figura respetada y querida por el p\u00fablico y sus colegas. &#8220;Expresamos nuestras m\u00e1s sentidas condolencias a sus familiares&#8221;, indic\u00f3 la ADAC mediante una nota luctuosa.<\/p>\n<section id=\"newsletter\">\n<header class=\"newsletter__header\"><\/header>\n<p class=\"newsletter__disclaimer\">\n<\/section>\n<figure class=\"no-caption\"><img loading=\"lazy\" title=\"Falleci\u00f3 el actor dominicano Miguel \u00c1ngel Mart\u00ednez\" src=\"https:\/\/media.acento.com.do\/media\/storage02\/uploads\/2025\/08\/PHOTO-2025-08-23-10-30-50-562x728.webp\" alt=\"Falleci\u00f3 el actor dominicano Miguel \u00c1ngel Mart\u00ednez\" width=\"562\" height=\"728\" \/><\/figure>\n<p>Hasta la tarde de este s\u00e1bado no se hab\u00edan\u00a0<strong>ofrecido<\/strong>\u00a0detalles sobre los actos f\u00fanebres en memoria del<strong>\u00a0artista<\/strong>.<\/p>\n<div class=\"banner-box\"><\/div>\n<p>Impactos: 29<\/p>","protected":false},"excerpt":{"rendered":"<p>Por\u00a0Servicios de Acento.com.do La Asociaci\u00f3n Dominicana de Actores de Cine (ADAC) manifest\u00f3 su pesar por el fallecimiento del actor Miguel \u00c1ngel Mart\u00ednez. Mart\u00ednez era<\/p>\n","protected":false},"author":3,"featured_media":23986,"comment_status":"closed","ping_status":"closed","sticky":false,"template":"","format":"standard","meta":[],"categories":[3],"tags":[],"_links":{"self":[{"href":"https:\/\/hormigaradio.com\/index.php?rest_route=\/wp\/v2\/posts\/23984"}],"collection":[{"href":"https:\/\/hormigaradio.com\/index.php?rest_route=\/wp\/v2\/posts"}],"about":[{"href":"https:\/\/hormigaradio.com\/index.php?rest_route=\/wp\/v2\/types\/post"}],"author":[{"embeddable":true,"href":"https:\/\/hormigaradio.com\/index.php?rest_route=\/wp\/v2\/users\/3"}],"replies":[{"embeddable":true,"href":"https:\/\/hormigaradio.com\/index.php?rest_route=%2Fwp%2Fv2%2Fcomments&post=23984"}],"version-history":[{"count":1,"href":"https:\/\/hormigaradio.com\/index.php?rest_route=\/wp\/v2\/posts\/23984\/revisions"}],"predecessor-version":[{"id":23985,"href":"https:\/\/hormigaradio.com\/index.php?rest_route=\/wp\/v2\/posts\/23984\/revisions\/23985"}],"wp:featuredmedia":[{"embeddable":true,"href":"https:\/\/hormigaradio.com\/index.php?rest_route=\/wp\/v2\/media\/23986"}],"wp:attachment":[{"href":"https:\/\/hormigaradio.com\/index.php?rest_route=%2Fwp%2Fv2%2Fmedia&parent=23984"}],"wp:term":[{"taxonomy":"category","embeddable":true,"href":"https:\/\/hormigaradio.com\/index.php?rest_route=%2Fwp%2Fv2%2Fcategories&post=23984"},{"taxonomy":"post_tag","embeddable":true,"href":"https:\/\/hormigaradio.com\/index.php?rest_route=%2Fwp%2Fv2%2Ftags&post=23984"}],"curies":[{"name":"wp","href":"https:\/\/api.w.org\/{rel}","templated":true}]}}