{"id":23987,"date":"2025-08-24T22:46:39","date_gmt":"2025-08-24T22:46:39","guid":{"rendered":"https:\/\/hormigaradio.com\/?p=23987"},"modified":"2025-08-24T22:46:39","modified_gmt":"2025-08-24T22:46:39","slug":"presidente-abinader-inaugura-politecnico-en-artes-francisco-antonio-lora-cabrera-en-navarrete","status":"publish","type":"post","link":"https:\/\/hormigaradio.com\/?p=23987","title":{"rendered":"PRESIDENTE ABINADER INAUGURA POLIT\u00c9CNICO EN ARTES FRANCISCO ANTONIO LORA CABRERA  EN NAVARRETE"},"content":{"rendered":"<p><img loading=\"lazy\" class=\"alignnone wp-image-15152\" src=\"http:\/\/hormigaradio.com\/wp-content\/uploads\/2022\/01\/FIRMA-para-Hormiga-Radio-300x158.jpeg\" alt=\"\" width=\"99\" height=\"52\" \/><\/p>\n<p>El presidente Luis Abinader inaugur\u00f3 este domingo el Polit\u00e9cnico en Artes Francisco Antonio Lora Cabrera (\u00d1ico Lora), una moderna obra educativa con 24 aulas que abre nuevas oportunidades de formaci\u00f3n para 840 estudiantes de Navarrete.<\/p>\n<p>Durante el acto inaugural, el ministro de Educaci\u00f3n, Luis Miguel De Camps, destac\u00f3 la importancia del nuevo centro educativo destinado a fomentar la creatividad y el desarrollo integral de los j\u00f3venes.<\/p>\n<p>El polit\u00e9cnico cuenta con laboratorios de ciencias, biblioteca, comedor escolar y un teatro con capacidad para m\u00e1s de 300 personas, ofreciendo espacios dise\u00f1ados para formar no solo profesionales competentes, sino ciudadanos cr\u00edticos y sensibles. Cada aula y laboratorio est\u00e1 pensado para cultivar talentos y proyectar los sue\u00f1os de los estudiantes.<\/p>\n<p>Adem\u00e1s cuenta con ocho talleres especializados que garantizan una formaci\u00f3n integral en diversas \u00e1reas art\u00edsticas y t\u00e9cnicas. Entre ellas se destacan los espacios dedicados a la danza, el teatro, la m\u00fasica y la multimedia, as\u00ed como salas dise\u00f1adas para la ense\u00f1anza de cine y fotograf\u00eda. Tambi\u00e9n dispone de talleres para la producci\u00f3n artesanal en metal: madera, cer\u00e1mica, joyer\u00eda y bisuter\u00eda, junto a un aula de artes visuales, lo que permite a los estudiantes desarrollar su creatividad y adquirir destrezas pr\u00e1cticas en m\u00faltiples disciplinas.<\/p>\n<p>El centro honra la memoria de Francisco Antonio Lora Cabrera, \u201cNico Lora\u201d, considerado uno de los padres del merengue t\u00edpico, y busca inspirar a los j\u00f3venes a transformar su creatividad en arte, al igual que Nico transform\u00f3 la identidad del pueblo dominicano en m\u00fasica.<\/p>\n<p>De Camps resalt\u00f3 que la obra se enmarca en la visi\u00f3n del presidente Luis Abinader de fortalecer la educaci\u00f3n t\u00e9cnico-profesional y art\u00edstica en el pa\u00eds.<\/p>\n<p>El ministro De Camps hizo un llamado a los estudiantes y docentes a aprovechar plenamente este espacio desde ma\u00f1ana que es el inicio del a\u00f1o escolar 2025-2026, convirtiendo el polit\u00e9cnico en un escenario donde los talentos brillen y los sue\u00f1os tomen forma.<\/p>\n<p>El director del centro educativo Francis Humberto Rojas Santana, indic\u00f3 que el plantel educativo es uno de los centros mejor valorado a nivel nacional gracias a la visi\u00f3n y compromiso de la gesti\u00f3n de gobierno del presidente Abinader.<\/p>\n<p>&#8220;M\u00e1s de 700 estudiantes y sus maestros seguiremos asumiendo el compromiso ineludible con la calidad de los procesos educativos en favor de nuestros estudiantes y de sus familias&#8221;, afirm\u00f3 Rojas Santana.<\/p>\n<p>Mientras que en representaci\u00f3n de los estudiantes habl\u00f3 Bermin Pichardo Reynoso de cuarto grado del nivel de secundaria, el cual destac\u00f3 que el Centro en Arte Francisco Antonio Lora Cabrera no es solo un edificio, sino un espacio que impulsa el talento, la creatividad y la identidad cultural de la juventud dominicana.<\/p>\n<p>Estuvieron presentes en el acto, la gobernadora de Santiago Rosa Santos; el director de Infraestructura Escolar, Roberto Herrera; el encargado de Modalidad en Artes, Gerson Navarro; los alcaldes de Navarrete, Noel Peralta y Santiago Ulises Rodr\u00edguez; los directores de la Regional 08, Pedro Marte y del Distrito 08-07 Jacqueline Pe\u00f1a P\u00e9rez y el padre Gabriel de Jes\u00fas L\u00f3pez de la parroquia Santa Ana.<\/p>\n<p>Impactos: 33<\/p>","protected":false},"excerpt":{"rendered":"<p>El presidente Luis Abinader inaugur\u00f3 este domingo el Polit\u00e9cnico en Artes Francisco Antonio Lora Cabrera (\u00d1ico Lora), una moderna obra educativa con 24 aulas<\/p>\n","protected":false},"author":3,"featured_media":23988,"comment_status":"closed","ping_status":"closed","sticky":false,"template":"","format":"standard","meta":[],"categories":[3],"tags":[],"_links":{"self":[{"href":"https:\/\/hormigaradio.com\/index.php?rest_route=\/wp\/v2\/posts\/23987"}],"collection":[{"href":"https:\/\/hormigaradio.com\/index.php?rest_route=\/wp\/v2\/posts"}],"about":[{"href":"https:\/\/hormigaradio.com\/index.php?rest_route=\/wp\/v2\/types\/post"}],"author":[{"embeddable":true,"href":"https:\/\/hormigaradio.com\/index.php?rest_route=\/wp\/v2\/users\/3"}],"replies":[{"embeddable":true,"href":"https:\/\/hormigaradio.com\/index.php?rest_route=%2Fwp%2Fv2%2Fcomments&post=23987"}],"version-history":[{"count":1,"href":"https:\/\/hormigaradio.com\/index.php?rest_route=\/wp\/v2\/posts\/23987\/revisions"}],"predecessor-version":[{"id":23989,"href":"https:\/\/hormigaradio.com\/index.php?rest_route=\/wp\/v2\/posts\/23987\/revisions\/23989"}],"wp:featuredmedia":[{"embeddable":true,"href":"https:\/\/hormigaradio.com\/index.php?rest_route=\/wp\/v2\/media\/23988"}],"wp:attachment":[{"href":"https:\/\/hormigaradio.com\/index.php?rest_route=%2Fwp%2Fv2%2Fmedia&parent=23987"}],"wp:term":[{"taxonomy":"category","embeddable":true,"href":"https:\/\/hormigaradio.com\/index.php?rest_route=%2Fwp%2Fv2%2Fcategories&post=23987"},{"taxonomy":"post_tag","embeddable":true,"href":"https:\/\/hormigaradio.com\/index.php?rest_route=%2Fwp%2Fv2%2Ftags&post=23987"}],"curies":[{"name":"wp","href":"https:\/\/api.w.org\/{rel}","templated":true}]}}